{"id":706,"date":"2025-04-15T15:52:54","date_gmt":"2025-04-15T13:52:54","guid":{"rendered":"https:\/\/tiefbewegt.blog\/?p=706"},"modified":"2026-01-29T10:23:25","modified_gmt":"2026-01-29T09:23:25","slug":"angst-als-tor-zum-leben","status":"publish","type":"post","link":"https:\/\/moving-with-life.org\/en\/2025\/04\/15\/angst-als-tor-zum-leben\/","title":{"rendered":"Angst als Tor zum Leben"},"content":{"rendered":"<div style=\"height:1px\" aria-hidden=\"true\" class=\"wp-block-spacer\"><\/div>\n\n\n\n<p class=\"wp-block-paragraph\" style=\"font-size:clamp(0.875rem, 0.875rem + ((1vw - 0.2rem) * 0.125), 0.95rem);\">Leben \u2013 im Fluss des Lebens baden und sich in tiefer Freude und Verbundenheit mit der Sch\u00f6pfung bewegen. Ganz in der Gewissheit sein, die eigene Rolle im kosmischen Theater zu kennen. Man kann es in vielen Worten umschreiben \u2013 man selbst sein, frei sein, sich entwickeln. Es ist diese Ahnung, dass es einen tieferen Sinn und Stimmigkeit gibt, dass stupides Langhinleben und leiddurchzogene Tage nicht die letzte Wahrheit sein k\u00f6nnen.&nbsp;<\/p>\n\n\n\n<p class=\"wp-block-paragraph\" style=\"font-size:clamp(0.875rem, 0.875rem + ((1vw - 0.2rem) * 0.125), 0.95rem);\">Wer sehnt sich nicht danach?&nbsp;Ob diese Bewegungen bewusst sind oder nicht, wir sehnen uns nach Leben. Wir rufen es. Die Suche und die Sehnsucht beben tief ins uns. Nat\u00fcrlich! Denn wir sind dieses Leben, dass wir suchen. &nbsp;<\/p>\n\n\n\n<p class=\"wp-block-paragraph\" style=\"font-size:clamp(0.875rem, 0.875rem + ((1vw - 0.2rem) * 0.125), 0.95rem);\">Am Anfang ist dies nicht so offensichtlich. Wir suchen Leben, weil es uns fehlt. Es scheint etwas anderes au\u00dferhalb von uns zu sein, dass wir finden m\u00fcssen. Wir wollen es uns erarbeiten, gut genug daf\u00fcr sein oder mit Strategien erreichen.&nbsp;Wir suchen im Au\u00dfen &#8211; in Beziehungen, bei Vorbildern, in der Karriere, in k\u00f6rperlicher Gesundheit&#8230;die Liste ist schier endlos. Jeder Mensch hat seine individuelle Vorstellung, wo und wie Leben zu erreichen w\u00e4re.&nbsp;&nbsp;<\/p>\n\n\n\n<p class=\"wp-block-paragraph\" style=\"font-size:clamp(0.875rem, 0.875rem + ((1vw - 0.2rem) * 0.125), 0.95rem);\">Irgendwann beginnen unsere Seelen sich dessen bewusst zu werden.&nbsp;Die Suche in den Erscheinungen der Welt stellt sich mehr und mehr als unfruchtbar heraus. M\u00fcdigkeit und Ersch\u00f6pfung tauchen auf. Die Entt\u00e4uschung \u00fcber die anhaltende seelische Unerf\u00fclltheit in der Welt ebent Schritt f\u00fcr Schritt den Weg zur inneren Suche.&nbsp;<\/p>\n\n\n\n<p class=\"wp-block-paragraph\" style=\"font-size:clamp(0.875rem, 0.875rem + ((1vw - 0.2rem) * 0.125), 0.95rem);\">Der ehrliche Blick nach innen l\u00f6st dann jedoch statt Erf\u00fcllung \u00fcber das wunderbar prickelnde Leben eher eine wuchtige Welle von&nbsp;Angst aus. Wir kommen mit unseren Themen in Kontakt, den lang unterdr\u00fcckten Emotionen und stetig neuen Lebensfragen. So schwanken viele Suchende zun\u00e4chst&nbsp;zwischen \u00d6ffnungen mit Lebendigkeitsmomenten, allt\u00e4glichen Herausforderungen&nbsp;und dem unterschwelligen \u00dcberlebensmodus. Das Ding mit der Selbsterforschung und g\u00f6ttlicher Lebendigkeit scheint dann sehr kompliziert und undurchdringlich. Wie geht das mit dem Leben in mir in Beziehung zu sein? Die Bindung scheint schnell wieder zu verschwinden. Nur ein kurzer Hoffnungsmoment. Schwindelerregend hin und her geworfen, meldet sich die Frage, warum diese Beziehung mit dem Leben so schwierig zu sein scheint.&nbsp;<\/p>\n\n\n\n<p class=\"wp-block-paragraph\" style=\"font-size:clamp(0.875rem, 0.875rem + ((1vw - 0.2rem) * 0.125), 0.95rem);\"><em>Viele suchen, nur wenige finden\u00a0<\/em><\/p>\n\n\n\n<p class=\"wp-block-paragraph\" style=\"font-size:clamp(0.875rem, 0.875rem + ((1vw - 0.2rem) * 0.125), 0.95rem);\">Und f\u00fcr wahr: viele suchen, doch nur wenige finden. Zunehmend mehr Menschen schenken ihre Zeit der Heilung, Praxis und Kontemplation \u2013 doch die Wirkungen sind f\u00fcr viele entt\u00e4uschend wenig oder unbefriedigend. Alle Motivationsspr\u00fcche und das Sch\u00f6ngerede beiseitegeschoben, der Weg wird&nbsp;eher&nbsp;z\u00e4h und undurchdringlich erlebt.&nbsp;Herausforderungen bleiben, Fragen sind weiterhin unbeantwortet und die Emotionen wirken immer noch \u00fcberladend. &nbsp;<\/p>\n\n\n\n<p class=\"wp-block-paragraph\" style=\"font-size:clamp(0.875rem, 0.875rem + ((1vw - 0.2rem) * 0.125), 0.95rem);\">Das kann zu tiefen Krisen f\u00fchren. Kann das Leben wirklich in Freiheit und Lebendigkeit erlebt werden? Kann ich mich immer von dem G\u00f6ttlichen bewegen lassen? Oder ist dies doch nur ein tr\u00e4umerisches M\u00e4rchen und ein Lebensgef\u00fchl, was sich in vielen Lebenssituationen nicht durchsetzen kann?&nbsp;<\/p>\n\n\n\n<p class=\"wp-block-paragraph\" style=\"font-size:clamp(0.875rem, 0.875rem + ((1vw - 0.2rem) * 0.125), 0.95rem);\">Das Thema kann von vielen Perspektiven betrachtet werden. Manche Methoden funktionieren besser als andere. Nicht jeder Lehrer ist f\u00fcr jeden Suchenden passend. Jeder hat seine individuelle Seelenreise und Lektionen darin, die sich erst bei einem tieferen Blick hinter die Umst\u00e4nde und allt\u00e4glichen Gef\u00fchle zeigt. Doch jenseits dieser vielen Variablen gibt es eine wesentliche Erkenntnis \u00fcber die Herausforderung der Selbsterforschung, die wie eine hilfreiche Karte durch den Schattendschungel ins Erwachen zum Leben f\u00fchrt.&nbsp;<\/p>\n\n\n\n<p class=\"wp-block-paragraph\" style=\"font-size:clamp(0.875rem, 0.875rem + ((1vw - 0.2rem) * 0.125), 0.95rem);\"><em>Bilder oder Wahrheit sehen\u00a0<\/em><\/p>\n\n\n\n<p class=\"wp-block-paragraph\" style=\"font-size:clamp(0.875rem, 0.875rem + ((1vw - 0.2rem) * 0.125), 0.95rem);\">So sehr wir das Leben rufen, so sehr haben wir auch Angst davor. In unserem Alltagsbewusstsein w\u00fcnschen wir uns Lebendigkeit, L\u00f6sungen f\u00fcr unsere Probleme und tiefe Bewegtheit durch das G\u00f6ttliche. Doch in unserem Unbewussten schlummert eine immense Panik davor. Dort aus dem Schatten wirken dann Kr\u00e4fte, die wir lieber mit Regeln und Masken einschr\u00e4nken&nbsp;als sie zu erforschen und kennenzulernen. Diese Kr\u00e4fte zeigen sich in den \u00e4u\u00dferen Erscheinungen als&nbsp;Menschen und Umst\u00e4nde. Sie scheinen im Weg zum prickelnd vibrierenden Leben&nbsp;zu stehen. Mit solch innerer Dynamik k\u00f6nnen Jahre des Heilens und Praktizierens vergehen, ohne das tiefgr\u00fcndige Wandlung geschieht. Ein n\u00e4hrreicher Boden f\u00fcr Frustration und psycho-spirituellen Burn-out.&nbsp;<\/p>\n\n\n\n<p class=\"wp-block-paragraph\" style=\"font-size:clamp(0.875rem, 0.875rem + ((1vw - 0.2rem) * 0.125), 0.95rem);\">Doch wieso haben wir solch Angst vor dem Leben? Wieso schenken wir diesen Angstbildern&nbsp;so viel Glauben? In anderen Worten \u2013 <em>warum ist es solch eine Herausforderung sich selbst zu zuwenden und Selbsterkenntnis zu erlangen?&nbsp;<\/em>&nbsp;<\/p>\n\n\n\n<p class=\"wp-block-paragraph\" style=\"font-size:clamp(0.875rem, 0.875rem + ((1vw - 0.2rem) * 0.125), 0.95rem);\">Eine Erkenntnis hat mir den Weg er\u00f6ffnet, mich meiner Innenwelt und \u00c4ngsten immer mehr mit bedingungslosem Interesse und sogar mit Freude zu zuwenden: <em>Angst entsteht aufgrund von Bildern oder einem Glauben, den ich \u00fcber das Leben habe \u2013 nicht aufgrund der Wahrheit des&nbsp;Lebens.&nbsp;&nbsp;<\/em><\/p>\n\n\n\n<p class=\"wp-block-paragraph\" style=\"font-size:clamp(0.875rem, 0.875rem + ((1vw - 0.2rem) * 0.125), 0.95rem);\">Schauen wir nach Innen und werden mit Leben konfrontiert, sehen wir zuerst nicht das Leben selbst, sondern den lebensverdeckenden Schatten. Wir sehen eine Vorstellung vom Leben, die wir um sie gelegt haben. Und dann schrecken wir, den Bildern und Vorstellungen Glauben schenkend, zur\u00fcck. Wir glauben zu erkennen und zu wissen, dabei ist die Wahrnehmung unklar. Anstatt direkt und unmittelbar mit dem Leben in Kontakt zu sein, wirkt eine trennende Wahrnehmung. Das Leben wirkt fremd und fern. Wir nehmen also meist nicht die Wahrheit des Lebens wahr, sondern sehen Bilder des&nbsp;Schattens, den wir verdunkelnd um die Wahrheit gelegt haben. &nbsp;<\/p>\n\n\n\n<p class=\"wp-block-paragraph\" style=\"font-size:clamp(0.875rem, 0.875rem + ((1vw - 0.2rem) * 0.125), 0.95rem);\">Es ist genau diese trennende Wahrnehmung, die eine Best\u00e4tigung und Rechtfertigung f\u00fcr die Trennung zum Leben bewirken kann. So kann man Jahre und Lebzeiten in diesem Teufelskreis verbringen \u2013 das Leben rufen, es dann durch eine Fehlwahrnehmung nicht erkennen, die Trennung durch eine verurteilende Wahrnehmung best\u00e4tigen und dann wieder das Leben rufen. Das sind karmische Muster, die auch im Unbewussten und sehr subtil wirken. Die Reaktion auf die Aktion einer Lebensenergie ruft wieder eine Reaktion hervor. Es ist immer der Glaube an die Schattenbilder, der die Angstreaktion n\u00e4hrt. &nbsp;<\/p>\n\n\n\n<p class=\"wp-block-paragraph\" style=\"font-size:clamp(0.875rem, 0.875rem + ((1vw - 0.2rem) * 0.125), 0.95rem);\">Die verurteilte, abgetrennte Lebensenergie wurde in den Schatten verbannt. Und so erscheint es, dass sie nicht Teil vom restlichen Wesen ist. Jedoch ist sie dann nicht weg. Sie taucht als \u00e4u\u00dfere Kraft in Form von Menschen, Situationen oder Systemen wieder auf. Die Welt wird zum Spiegel der in den Schatten gestellten Lebensenergie.&nbsp;Wir nehmen sie als das Andere, Fremde, Unerreichbare oder Bedrohliche wahr. Die Folge ist eine Furcht vor der Welt und die Frage, wo diese sprudelnde Lebendigkeit hin ist.&nbsp;<\/p>\n\n\n\n<p class=\"wp-block-paragraph\" style=\"font-size:clamp(0.875rem, 0.875rem + ((1vw - 0.2rem) * 0.125), 0.95rem);\">Die Perspektive der Angst glaubt an diese Bilder. Sie sagt, sie sind real. So k\u00f6nnen wir im Wachbewusstsein uns nach Lebendigkeit sehnen, doch unbewusst eine gro\u00dfe Angst vor der Lebensenergie haben. Der Teufelskreis findet in der Grundannahme immer wieder Best\u00e4tigung und wird verfestigt. Wieder endet die Beziehung, wieder kommt es zum Unfall, wieder nur einen kurzen Kick erlebt und nicht die langersehnte Erf\u00fcllung \u2013 das Karma wiederholt sich.&nbsp;<\/p>\n\n\n\n<p class=\"wp-block-paragraph\" style=\"font-size:clamp(0.875rem, 0.875rem + ((1vw - 0.2rem) * 0.125), 0.95rem);\">Erfahrungen von Zerrissenheit, Uneinigkeit oder Selbstkonflikte sind Anzeichen daf\u00fcr. Der Eindruck gefangen zu sein oder sich nicht entfalten zu k\u00f6nnen, weisen ebenfalls daraufhin. Au\u00dferdem kann ein Scheitern von L\u00f6sungsversuchen ebenso daraus entstehen, denn das eigentliche Problem bleibt unerkannt. Jede Art von Schuld und Scham geh\u00f6ren dazu. Jeder Gedanke der Unw\u00fcrdigkeit oder Abwertung geht daraus hervor. Es ist der Urkonflikt mit tausend Symptomen.&nbsp;<\/p>\n\n\n\n<p class=\"wp-block-paragraph\" style=\"font-size:clamp(0.875rem, 0.875rem + ((1vw - 0.2rem) * 0.125), 0.95rem);\"><em>Erl\u00f6sung durch Erkenntnis\u00a0<\/em><\/p>\n\n\n\n<p class=\"wp-block-paragraph\" style=\"font-size:clamp(0.875rem, 0.875rem + ((1vw - 0.2rem) * 0.125), 0.95rem);\">Die erl\u00f6sende Botschaft ist, dass der Glaube der Angst nicht die Wahrheit ist. F\u00fcrchten wir den Blick nach innen und die Selbstbegegnung, dann schenken wir den trennenden Bildern glauben. Ganz tief verborgen glauben wir, dass wir insgeheim schlecht und schrecklich sind \u2013 und deswegen an uns arbeiten m\u00fcssten, versuchen m\u00fcssten gut zu sein oder sind besorgt darum alles richtig machen. Versuche der Selbstoptimierung und Ver\u00e4nderungen der Welt sei auf jeden Fall besser, als sich in der Tiefe kennenlernen.&nbsp;&nbsp;<\/p>\n\n\n\n<p class=\"wp-block-paragraph\" style=\"font-size:clamp(0.875rem, 0.875rem + ((1vw - 0.2rem) * 0.125), 0.95rem);\">Stellen wir uns diesen Bildern und forschen tiefer, k\u00f6nnen wir die Wahrheit dahinter erkennen. Die Erl\u00f6sung ist tats\u00e4chlich so schlicht und einfach. Innere Zuwendung und Forschung, statt Verurteilung und Selbstabwendung. Deswegen weisen die Weisheitstraditionen immer wieder auf eine&nbsp;mitf\u00fchlende, nicht verurteilende Betrachtung des Lebens hin. Es geht nicht um Moral und nicht um Gutsein. Es geht nur um Erl\u00f6sung und Befreiung.&nbsp;<\/p>\n\n\n\n<p class=\"wp-block-paragraph\" style=\"font-size:clamp(0.875rem, 0.875rem + ((1vw - 0.2rem) * 0.125), 0.95rem);\">Jede Angst zeigt also, wo wir Lebensenergie und Wahrheit befreien k\u00f6nnen. Das ist die sanfte Kraft der Selbsterforschung. Anstatt der trennenden Wahrnehmung der Angst Recht zu geben, forschen wir, was die verborgene Wahrheit darin ist. Daf\u00fcr muss die Angst nicht verleugnet oder \u00fcbersprungen werden. Allein das Einstr\u00f6men von Bewusstsein, das verk\u00f6rperte Durchf\u00fchlen der Angst, \u00f6ffnet sanft und zugleich auf kraftvolle Weise den Weg zur Wahrheit der Lebensenergie. &nbsp;<\/p>\n\n\n\n<p class=\"wp-block-paragraph\" style=\"font-size:clamp(0.875rem, 0.875rem + ((1vw - 0.2rem) * 0.125), 0.95rem);\">Das sind tiefgreifende Bewusstseinsprozesse, die Zeit und Hingabe brauchen. Wollen wir unser Bewusstsein erweitern, mehr Lebendigkeit erleben oder Freiheit erfahren, sind wir immer zun\u00e4chst mit unseren Schattenbildern konfrontiert. Wir begegnen erst unseren Bildern und Urteilen \u00fcber das Leben, bevor wir der Essenz des Lebens selbst begegnen k\u00f6nnen. Wir erweitern uns in den Schatten hinein und befreien das Leben darin. &nbsp;<\/p>\n\n\n\n<p class=\"wp-block-paragraph\" style=\"font-size:clamp(0.875rem, 0.875rem + ((1vw - 0.2rem) * 0.125), 0.95rem);\">Mit dem Wissen, dass unsere Urteile und Bilder \u00fcber das Leben nicht die Wahrheit sind, k\u00f6nnen wir uns nach und nach sanft \u00f6ffnen und lernen unsere Wahrnehmung durch das Bewusstsein korrigieren zu lassen. Wann immer \u00c4ngste aufkommen, bewegt sich in der Tiefe wahres Leben, was zur\u00fcckkommen und gelebt werden will. So k\u00f6nnen \u00c4ngste zu einem Tor zum Leben werden, durch das wir weise vibrierende Lebensenergie und tiefe Bewegtheit wieder willkommen hei\u00dfen k\u00f6nnen.&nbsp;&nbsp;<\/p>\n\n\n\n<div style=\"height:30px\" aria-hidden=\"true\" class=\"wp-block-spacer\"><\/div>\n\n\n\n<p class=\"wp-block-paragraph\"><em>Bist du bewegt? Dann hinterlasse ein Kommentar oder Like und abonniere den Newsletter f\u00fcr kostenfreie Events mit gemeinsamer heilsamer Lebensforschung!<\/em><\/p>","protected":false},"excerpt":{"rendered":"<p>Leben \u2013 im Fluss des Lebens baden und sich in tiefer Freude und Verbundenheit mit der Sch\u00f6pfung bewegen. Ganz in der Gewissheit sein, die eigene Rolle im kosmischen Theater zu kennen. Man kann es in vielen Worten umschreiben \u2013 man selbst sein, frei sein, sich entwickeln. Es ist diese Ahnung, dass es einen tieferen Sinn [&hellip;]<\/p>\n","protected":false},"author":244310740,"featured_media":850,"comment_status":"open","ping_status":"open","sticky":false,"template":"","format":"standard","meta":{"_crdt_document":"","advanced_seo_description":"","jetpack_seo_html_title":"","jetpack_seo_noindex":false,"_jetpack_newsletter_access":"","_jetpack_dont_email_post_to_subs":false,"_jetpack_newsletter_tier_id":0,"_jetpack_memberships_contains_paywalled_content":false,"_jetpack_memberships_contains_paid_content":false,"footnotes":"","jetpack_publicize_message":"","jetpack_publicize_feature_enabled":true,"jetpack_social_post_already_shared":false,"jetpack_social_options":{"image_generator_settings":{"template":"highway","default_image_id":0,"font":"","enabled":false},"version":2},"jetpack_post_was_ever_published":false},"categories":[17744],"tags":[2339284,563269],"class_list":["post-706","post","type-post","status-publish","format-standard","has-post-thumbnail","hentry","category-perspektive","tag-schattenarbeit","tag-weisheit"],"jetpack_publicize_connections":[],"jetpack_featured_media_url":"https:\/\/i0.wp.com\/moving-with-life.org\/wp-content\/uploads\/2025\/04\/photo_2025-04-24_14-52-12.jpg?fit=1278%2C1280&ssl=1","jetpack_likes_enabled":true,"jetpack_sharing_enabled":true,"jetpack_shortlink":"https:\/\/wp.me\/pfnWhv-bo","jetpack-related-posts":[{"id":1049,"url":"https:\/\/moving-with-life.org\/en\/2025\/05\/23\/schopfungstanz-wie-die-gottin-kreiert\/","url_meta":{"origin":706,"position":0},"title":"Sch\u00f6pfungstanz &#8211; wie die G\u00f6ttin kreiert","author":"Sara Gnanzou","date":"23. May 2025","format":false,"excerpt":"Einer meiner zentralen Forschungsfragen hei\u00dft \u201cWie k\u00f6nnen wir wirklich leben?\u201d. Es ist eine Frage, die aus den Tiefen meines Seins hochquellt, sich mir unweigerlich aufdr\u00e4ngt und nach Beantwortung ruft. Zuerst dachte ich, es gibt diese eine Antwort darauf und wenn ich sie finde, habe ich es geschafft. Dann w\u00fcrde Ruhe\u2026","rel":"","context":"In &quot;Perspektive&quot;","block_context":{"text":"Perspektive","link":"https:\/\/moving-with-life.org\/en\/category\/blog\/perspektive\/"},"img":{"alt_text":"","src":"https:\/\/i0.wp.com\/moving-with-life.org\/wp-content\/uploads\/2025\/05\/photo_2025-05-23_13-25-29.jpg?fit=1200%2C1200&ssl=1&resize=350%2C200","width":350,"height":200,"srcset":"https:\/\/i0.wp.com\/moving-with-life.org\/wp-content\/uploads\/2025\/05\/photo_2025-05-23_13-25-29.jpg?fit=1200%2C1200&ssl=1&resize=350%2C200 1x, https:\/\/i0.wp.com\/moving-with-life.org\/wp-content\/uploads\/2025\/05\/photo_2025-05-23_13-25-29.jpg?fit=1200%2C1200&ssl=1&resize=525%2C300 1.5x, https:\/\/i0.wp.com\/moving-with-life.org\/wp-content\/uploads\/2025\/05\/photo_2025-05-23_13-25-29.jpg?fit=1200%2C1200&ssl=1&resize=700%2C400 2x, https:\/\/i0.wp.com\/moving-with-life.org\/wp-content\/uploads\/2025\/05\/photo_2025-05-23_13-25-29.jpg?fit=1200%2C1200&ssl=1&resize=1050%2C600 3x"},"classes":[]},{"id":2689,"url":"https:\/\/moving-with-life.org\/en\/2026\/01\/31\/innere-ruhe-oder-dissoziative-verstummung\/","url_meta":{"origin":706,"position":1},"title":"Innere Ruhe oder dissoziative Verstummung?","author":"Sara Gnanzou","date":"31. January 2026","format":false,"excerpt":"\u201eIn wahrer Ruhe vibriert innere Lebendigkeit, die in der Verstummung unterdr\u00fcckt bleibt.\u201c Kultur der Lebensablehnung Statt die Kultivierung von Lebenskraft zu erlernen, haben viele Menschen im Erwachsenwerden ein Training in Lebensablehnung durchlaufen. Und dieses Training ist k\u00f6rperlich konkret. Es geht um die Gef\u00fchle, die wir unter dauerhafter Muskelkontraktion unterdr\u00fccken. Es\u2026","rel":"","context":"In &quot;Unterscheidungskraft&quot;","block_context":{"text":"Unterscheidungskraft","link":"https:\/\/moving-with-life.org\/en\/category\/blog\/unterscheidung\/"},"img":{"alt_text":"","src":"https:\/\/i0.wp.com\/moving-with-life.org\/wp-content\/uploads\/2026\/01\/innere-ruhe-oder-verstummung-1.jpeg?fit=1024%2C576&ssl=1&resize=350%2C200","width":350,"height":200,"srcset":"https:\/\/i0.wp.com\/moving-with-life.org\/wp-content\/uploads\/2026\/01\/innere-ruhe-oder-verstummung-1.jpeg?fit=1024%2C576&ssl=1&resize=350%2C200 1x, https:\/\/i0.wp.com\/moving-with-life.org\/wp-content\/uploads\/2026\/01\/innere-ruhe-oder-verstummung-1.jpeg?fit=1024%2C576&ssl=1&resize=525%2C300 1.5x, https:\/\/i0.wp.com\/moving-with-life.org\/wp-content\/uploads\/2026\/01\/innere-ruhe-oder-verstummung-1.jpeg?fit=1024%2C576&ssl=1&resize=700%2C400 2x"},"classes":[]},{"id":185,"url":"https:\/\/moving-with-life.org\/en\/2023\/12\/31\/auf-dem-weg-und-doch-nicht-komme-ich-voran\/","url_meta":{"origin":706,"position":2},"title":"Auf dem Weg und doch nicht: Komme ich voran?","author":"Sara Gnanzou","date":"31. December 2023","format":false,"excerpt":"Unsere Vorstellung \u00fcber das Leben, die das Interesse an dem spirituellen Weg hervorlockten, werden auf gerade diesem Weg unweigerlich gecrasht. Es kommt der Punkt, an dem klar wird, dass die Hoffnung auf das bessere manifestierte Leben mit Traumjob, Traumbeziehung und Traumwohnort nicht eintreten wird. Alle Meditationen und positives Denken haben\u2026","rel":"","context":"In &quot;Perspektive&quot;","block_context":{"text":"Perspektive","link":"https:\/\/moving-with-life.org\/en\/category\/blog\/perspektive\/"},"img":{"alt_text":"","src":"https:\/\/i0.wp.com\/moving-with-life.org\/wp-content\/uploads\/2023\/12\/photo_2025-04-07_16-14-19.jpg?fit=1200%2C1200&ssl=1&resize=350%2C200","width":350,"height":200,"srcset":"https:\/\/i0.wp.com\/moving-with-life.org\/wp-content\/uploads\/2023\/12\/photo_2025-04-07_16-14-19.jpg?fit=1200%2C1200&ssl=1&resize=350%2C200 1x, https:\/\/i0.wp.com\/moving-with-life.org\/wp-content\/uploads\/2023\/12\/photo_2025-04-07_16-14-19.jpg?fit=1200%2C1200&ssl=1&resize=525%2C300 1.5x, https:\/\/i0.wp.com\/moving-with-life.org\/wp-content\/uploads\/2023\/12\/photo_2025-04-07_16-14-19.jpg?fit=1200%2C1200&ssl=1&resize=700%2C400 2x, https:\/\/i0.wp.com\/moving-with-life.org\/wp-content\/uploads\/2023\/12\/photo_2025-04-07_16-14-19.jpg?fit=1200%2C1200&ssl=1&resize=1050%2C600 3x"},"classes":[]},{"id":2450,"url":"https:\/\/moving-with-life.org\/en\/2026\/01\/10\/wenn-wir-schreckliche-lebenserfahrungen-nicht-wollen\/","url_meta":{"origin":706,"position":3},"title":"Wenn wir schreckliche Lebenserfahrungen nicht wollen","author":"Sara Gnanzou","date":"10. January 2026","format":false,"excerpt":"Wie k\u00f6nnen wir uns wieder wirklich f\u00fcr Leben interessieren? Eine Frage, die mich mit am meisten besch\u00e4ftigt. Ich lausche wach Richtung Herz und sp\u00fcre tiefes Mitgef\u00fchl. Es ist eine vertrackte Situation! So sehr wir uns nach Leben sehnen, so sehr lehnen wir es auch ab. Nat\u00fcrlich wollen wir uns ganz\u2026","rel":"","context":"In &quot;Perspektive&quot;","block_context":{"text":"Perspektive","link":"https:\/\/moving-with-life.org\/en\/category\/blog\/perspektive\/"},"img":{"alt_text":"","src":"https:\/\/i0.wp.com\/moving-with-life.org\/wp-content\/uploads\/2026\/01\/wenn-wir-schreckliche-lebenserfahrungen-nicht-wollen.jpeg?fit=1024%2C576&ssl=1&resize=350%2C200","width":350,"height":200,"srcset":"https:\/\/i0.wp.com\/moving-with-life.org\/wp-content\/uploads\/2026\/01\/wenn-wir-schreckliche-lebenserfahrungen-nicht-wollen.jpeg?fit=1024%2C576&ssl=1&resize=350%2C200 1x, https:\/\/i0.wp.com\/moving-with-life.org\/wp-content\/uploads\/2026\/01\/wenn-wir-schreckliche-lebenserfahrungen-nicht-wollen.jpeg?fit=1024%2C576&ssl=1&resize=525%2C300 1.5x, https:\/\/i0.wp.com\/moving-with-life.org\/wp-content\/uploads\/2026\/01\/wenn-wir-schreckliche-lebenserfahrungen-nicht-wollen.jpeg?fit=1024%2C576&ssl=1&resize=700%2C400 2x"},"classes":[]},{"id":2758,"url":"https:\/\/moving-with-life.org\/en\/2026\/02\/12\/wie-man-mit-negativen-erfahrungen-ein-schoenes-leben-kreieren-kann\/","url_meta":{"origin":706,"position":4},"title":"Wie man mit negativen Erfahrungen ein sch\u00f6nes Leben kreieren kann","author":"Sara Gnanzou","date":"12. February 2026","format":false,"excerpt":"\u201eDie Manifestation eines sch\u00f6nen Lebens kreiert sich nicht aus den Erfahrungen, sondern aus den Antworten auf die Erfahrungen.\u201c Ich glaube mit hoher Sicherheit sagen zu k\u00f6nnen, dass der gr\u00f6\u00dfte Teil der Menschheit ein sch\u00f6nes Leben mit positiven Erfahrungen assoziiert. Wir meinen sch\u00f6ne Erfahrungen bringen ein sch\u00f6nes Leben. Und so stecken\u2026","rel":"","context":"In &quot;Perspektive&quot;","block_context":{"text":"Perspektive","link":"https:\/\/moving-with-life.org\/en\/category\/blog\/perspektive\/"},"img":{"alt_text":"","src":"https:\/\/i0.wp.com\/moving-with-life.org\/wp-content\/uploads\/2026\/02\/260212.jpg?fit=1024%2C576&ssl=1&resize=350%2C200","width":350,"height":200,"srcset":"https:\/\/i0.wp.com\/moving-with-life.org\/wp-content\/uploads\/2026\/02\/260212.jpg?fit=1024%2C576&ssl=1&resize=350%2C200 1x, https:\/\/i0.wp.com\/moving-with-life.org\/wp-content\/uploads\/2026\/02\/260212.jpg?fit=1024%2C576&ssl=1&resize=525%2C300 1.5x, https:\/\/i0.wp.com\/moving-with-life.org\/wp-content\/uploads\/2026\/02\/260212.jpg?fit=1024%2C576&ssl=1&resize=700%2C400 2x"},"classes":[]},{"id":1199,"url":"https:\/\/moving-with-life.org\/en\/2025\/06\/08\/warum-schattenarbeit\/","url_meta":{"origin":706,"position":5},"title":"Warum Schattenarbeit?","author":"Sara Gnanzou","date":"8. June 2025","format":false,"excerpt":"Es ist ein interessantes Ph\u00e4nomen, dass f\u00fcr die meisten zun\u00e4chst die spirituelle Praxis oder Heilarbeit nur jenseits von der Welt m\u00f6glich ist. Die Welt scheint eine heimliche, niederdr\u00fcckende Kraft zu haben, der man sich nur schwer entziehen kann. Auf der einen Seite sind die n\u00e4hrenden oder ruhigen Momente, die dem\u2026","rel":"","context":"In &quot;Perspektive&quot;","block_context":{"text":"Perspektive","link":"https:\/\/moving-with-life.org\/en\/category\/blog\/perspektive\/"},"img":{"alt_text":"","src":"https:\/\/i0.wp.com\/moving-with-life.org\/wp-content\/uploads\/2025\/06\/photo_2025-06-08_20-05-29.jpg?fit=1200%2C1200&ssl=1&resize=350%2C200","width":350,"height":200,"srcset":"https:\/\/i0.wp.com\/moving-with-life.org\/wp-content\/uploads\/2025\/06\/photo_2025-06-08_20-05-29.jpg?fit=1200%2C1200&ssl=1&resize=350%2C200 1x, https:\/\/i0.wp.com\/moving-with-life.org\/wp-content\/uploads\/2025\/06\/photo_2025-06-08_20-05-29.jpg?fit=1200%2C1200&ssl=1&resize=525%2C300 1.5x, https:\/\/i0.wp.com\/moving-with-life.org\/wp-content\/uploads\/2025\/06\/photo_2025-06-08_20-05-29.jpg?fit=1200%2C1200&ssl=1&resize=700%2C400 2x, https:\/\/i0.wp.com\/moving-with-life.org\/wp-content\/uploads\/2025\/06\/photo_2025-06-08_20-05-29.jpg?fit=1200%2C1200&ssl=1&resize=1050%2C600 3x"},"classes":[]}],"_links":{"self":[{"href":"https:\/\/moving-with-life.org\/en\/wp-json\/wp\/v2\/posts\/706","targetHints":{"allow":["GET"]}}],"collection":[{"href":"https:\/\/moving-with-life.org\/en\/wp-json\/wp\/v2\/posts"}],"about":[{"href":"https:\/\/moving-with-life.org\/en\/wp-json\/wp\/v2\/types\/post"}],"author":[{"embeddable":true,"href":"https:\/\/moving-with-life.org\/en\/wp-json\/wp\/v2\/users\/244310740"}],"replies":[{"embeddable":true,"href":"https:\/\/moving-with-life.org\/en\/wp-json\/wp\/v2\/comments?post=706"}],"version-history":[{"count":9,"href":"https:\/\/moving-with-life.org\/en\/wp-json\/wp\/v2\/posts\/706\/revisions"}],"predecessor-version":[{"id":2679,"href":"https:\/\/moving-with-life.org\/en\/wp-json\/wp\/v2\/posts\/706\/revisions\/2679"}],"wp:featuredmedia":[{"embeddable":true,"href":"https:\/\/moving-with-life.org\/en\/wp-json\/wp\/v2\/media\/850"}],"wp:attachment":[{"href":"https:\/\/moving-with-life.org\/en\/wp-json\/wp\/v2\/media?parent=706"}],"wp:term":[{"taxonomy":"category","embeddable":true,"href":"https:\/\/moving-with-life.org\/en\/wp-json\/wp\/v2\/categories?post=706"},{"taxonomy":"post_tag","embeddable":true,"href":"https:\/\/moving-with-life.org\/en\/wp-json\/wp\/v2\/tags?post=706"}],"curies":[{"name":"wp","href":"https:\/\/api.w.org\/{rel}","templated":true}]}}