{"id":3183,"date":"2026-04-26T17:57:58","date_gmt":"2026-04-26T15:57:58","guid":{"rendered":"https:\/\/moving-with-life.org\/?p=3183"},"modified":"2026-04-26T17:57:58","modified_gmt":"2026-04-26T15:57:58","slug":"ep-41-der-kampf-erwachender-seelen","status":"publish","type":"post","link":"https:\/\/moving-with-life.org\/en\/2026\/04\/26\/ep-41-der-kampf-erwachender-seelen\/","title":{"rendered":"EP 41 Der Kampf erwachender Seelen"},"content":{"rendered":"<figure class=\"wp-block-audio\"><audio controls src=\"https:\/\/moving-with-life.org\/wp-content\/uploads\/2026\/04\/EP-41.mp3\"><\/audio><\/figure>\n\n\n\n<p class=\"wp-block-paragraph\">Diese Innenweltreise betrachtet den inneren Reibepunkt zwischen der erwachenden seelischen Lebendigkeit und dem Gef\u00e4ngnis der starren Strukturen, die Leben nicht f\u00f6rdern. Diese Reise bietet keine schnelle L\u00f6sung &#8211; weil es keine gibt und es keine braucht. Im Einflie\u00dfen inspirierender Energien ist diese Episode vielmehr eine Mut machende Erinnerung, sich auf das innere Ringen einzulassen und darin die wahre \u00d6ffnung zur freien Lebendigkeit zu erkennen.<\/p>","protected":false},"excerpt":{"rendered":"<p>Diese Innenweltreise betrachtet den inneren Reibepunkt zwischen der erwachenden seelischen Lebendigkeit und dem Gef\u00e4ngnis der starren Strukturen, die Leben nicht f\u00f6rdern. Diese Reise bietet keine schnelle L\u00f6sung &#8211; weil es keine gibt und es keine braucht. Im Einflie\u00dfen inspirierender Energien ist diese Episode vielmehr eine Mut machende Erinnerung, sich auf das innere Ringen einzulassen und [&hellip;]<\/p>\n","protected":false},"author":244310740,"featured_media":3189,"comment_status":"open","ping_status":"open","sticky":false,"template":"podcast-episode","format":"standard","meta":{"_crdt_document":"","advanced_seo_description":"","jetpack_seo_html_title":"","jetpack_seo_noindex":false,"_jetpack_newsletter_access":"","_jetpack_dont_email_post_to_subs":false,"_jetpack_newsletter_tier_id":0,"_jetpack_memberships_contains_paywalled_content":false,"_jetpack_memberships_contains_paid_content":false,"footnotes":"","jetpack_publicize_message":"Eine Episode f\u00fcr alle, die den Keim seelischer Lebendigkeit in sich sp\u00fcren und aus dem Gef\u00e4ngnis der Unlebendigkeit finden wollen \ud83d\ude4c","jetpack_publicize_feature_enabled":true,"jetpack_social_post_already_shared":false,"jetpack_social_options":{"image_generator_settings":{"template":"highway","default_image_id":0,"font":"","enabled":false},"version":2},"jetpack_post_was_ever_published":false},"categories":[1142],"tags":[785457008,785909300,199311679,785909298,2339284,785909299,2708901,13390998,785909301,563269],"class_list":["post-3183","post","type-post","status-publish","format-standard","has-post-thumbnail","hentry","category-podcast","tag-beziehung-mit-leben","tag-innere-oeffnung","tag-innere-weg","tag-innere-wundheit-heilen","tag-schattenarbeit","tag-seelische-freiheit","tag-selbstbegegnung","tag-selbsterforschung","tag-weg-aus-innerem-gefaengnis","tag-weisheit"],"jetpack_publicize_connections":[],"jetpack_featured_media_url":"https:\/\/i0.wp.com\/moving-with-life.org\/wp-content\/uploads\/2026\/04\/EP-41.png?fit=1280%2C720&ssl=1","jetpack_likes_enabled":true,"jetpack_sharing_enabled":true,"jetpack_shortlink":"https:\/\/wp.me\/pfnWhv-Pl","jetpack-related-posts":[{"id":2354,"url":"https:\/\/moving-with-life.org\/en\/2025\/12\/21\/ep-11-weg-aus-dem-gefaengnis-der-unlebendigkeit\/","url_meta":{"origin":3183,"position":0},"title":"EP 11 Weg aus dem Gef\u00e4ngnis der Unlebendigkeit","author":"Sara Gnanzou","date":"21. December 2025","format":false,"excerpt":"In einer Reise von der Enge eines Gef\u00e4ngnisses der Unlebendigkeit zur freien Bewegung von Lebenskraft betrachte ich das Missverst\u00e4ndnis, dass echtes Leben mit Bewegungen gegen das Leben verdreht. Dabei sto\u00dfe ich auf die unangenehme sowie erm\u00e4chtigende Wahrheit, dass wir uns selbst gefangen halten und wie wir uns dem Leben durch\u2026","rel":"","context":"In &quot;Podcast&quot;","block_context":{"text":"Podcast","link":"https:\/\/moving-with-life.org\/en\/category\/podcast\/"},"img":{"alt_text":"","src":"https:\/\/i0.wp.com\/moving-with-life.org\/wp-content\/uploads\/2025\/12\/EP-11.jpeg?fit=768%2C768&ssl=1&resize=350%2C200","width":350,"height":200,"srcset":"https:\/\/i0.wp.com\/moving-with-life.org\/wp-content\/uploads\/2025\/12\/EP-11.jpeg?fit=768%2C768&ssl=1&resize=350%2C200 1x, https:\/\/i0.wp.com\/moving-with-life.org\/wp-content\/uploads\/2025\/12\/EP-11.jpeg?fit=768%2C768&ssl=1&resize=525%2C300 1.5x, https:\/\/i0.wp.com\/moving-with-life.org\/wp-content\/uploads\/2025\/12\/EP-11.jpeg?fit=768%2C768&ssl=1&resize=700%2C400 2x"},"classes":[]},{"id":2377,"url":"https:\/\/moving-with-life.org\/en\/2025\/12\/28\/ep-12-wenn-kraft-und-lebendigkeit-eins-werden\/","url_meta":{"origin":3183,"position":1},"title":"EP 12 Wenn Kraft und Lebendigkeit eins werden","author":"Sara Gnanzou","date":"28. December 2025","format":false,"excerpt":"In der Episode tauche ich in eine neue Perspektive, die die Sch\u00f6pfungszusammenh\u00e4nge von einschr\u00e4nkenden Umst\u00e4nden und einer verengten Lebendigkeit neu betrachtet. Statt der Ver\u00e4nderung der Umst\u00e4nde er\u00f6ffnet sich das Einswerden von Kraft und Lebendigkeit als die wahre Befreiung aus dem Erleben vom Enge und Einschr\u00e4nkung. Bist du bewegt? Dann hinterlasse\u2026","rel":"","context":"In &quot;Podcast&quot;","block_context":{"text":"Podcast","link":"https:\/\/moving-with-life.org\/en\/category\/podcast\/"},"img":{"alt_text":"","src":"https:\/\/i0.wp.com\/moving-with-life.org\/wp-content\/uploads\/2025\/12\/EP-12.jpeg?fit=768%2C768&ssl=1&resize=350%2C200","width":350,"height":200,"srcset":"https:\/\/i0.wp.com\/moving-with-life.org\/wp-content\/uploads\/2025\/12\/EP-12.jpeg?fit=768%2C768&ssl=1&resize=350%2C200 1x, https:\/\/i0.wp.com\/moving-with-life.org\/wp-content\/uploads\/2025\/12\/EP-12.jpeg?fit=768%2C768&ssl=1&resize=525%2C300 1.5x, https:\/\/i0.wp.com\/moving-with-life.org\/wp-content\/uploads\/2025\/12\/EP-12.jpeg?fit=768%2C768&ssl=1&resize=700%2C400 2x"},"classes":[]},{"id":2689,"url":"https:\/\/moving-with-life.org\/en\/2026\/01\/31\/innere-ruhe-oder-dissoziative-verstummung\/","url_meta":{"origin":3183,"position":2},"title":"Innere Ruhe oder dissoziative Verstummung?","author":"Sara Gnanzou","date":"31. January 2026","format":false,"excerpt":"\u201eIn wahrer Ruhe vibriert innere Lebendigkeit, die in der Verstummung unterdr\u00fcckt bleibt.\u201c Kultur der Lebensablehnung Statt die Kultivierung von Lebenskraft zu erlernen, haben viele Menschen im Erwachsenwerden ein Training in Lebensablehnung durchlaufen. Und dieses Training ist k\u00f6rperlich konkret. Es geht um die Gef\u00fchle, die wir unter dauerhafter Muskelkontraktion unterdr\u00fccken. Es\u2026","rel":"","context":"In &quot;Unterscheidungskraft&quot;","block_context":{"text":"Unterscheidungskraft","link":"https:\/\/moving-with-life.org\/en\/category\/blog\/unterscheidung\/"},"img":{"alt_text":"","src":"https:\/\/i0.wp.com\/moving-with-life.org\/wp-content\/uploads\/2026\/01\/innere-ruhe-oder-verstummung-1.jpeg?fit=1024%2C576&ssl=1&resize=350%2C200","width":350,"height":200,"srcset":"https:\/\/i0.wp.com\/moving-with-life.org\/wp-content\/uploads\/2026\/01\/innere-ruhe-oder-verstummung-1.jpeg?fit=1024%2C576&ssl=1&resize=350%2C200 1x, https:\/\/i0.wp.com\/moving-with-life.org\/wp-content\/uploads\/2026\/01\/innere-ruhe-oder-verstummung-1.jpeg?fit=1024%2C576&ssl=1&resize=525%2C300 1.5x, https:\/\/i0.wp.com\/moving-with-life.org\/wp-content\/uploads\/2026\/01\/innere-ruhe-oder-verstummung-1.jpeg?fit=1024%2C576&ssl=1&resize=700%2C400 2x"},"classes":[]},{"id":2837,"url":"https:\/\/moving-with-life.org\/en\/2026\/02\/26\/ep-29-der-guetige-belebende-blick-der-ewigkeit\/","url_meta":{"origin":3183,"position":3},"title":"EP 29 Der g\u00fctige belebende Blick der Ewigkeit","author":"Sara Gnanzou","date":"26. February 2026","format":false,"excerpt":"Zu Beginn dieser Reise schaue ich hinter die von Heilung und Erwachen transparenter gewordenen Formen in das Mysterium der Ewigkeit. Ich lasse den Blick des ewigen Bewusstseins und die daraus entstehende Beziehung auf mich wirken. Dabei kommt eine Reflektion \u00fcber einschr\u00e4nkende menschliche Beziehungen und den Raum f\u00fcr innere Belebung auf.","rel":"","context":"In &quot;Podcast&quot;","block_context":{"text":"Podcast","link":"https:\/\/moving-with-life.org\/en\/category\/podcast\/"},"img":{"alt_text":"","src":"https:\/\/i0.wp.com\/moving-with-life.org\/wp-content\/uploads\/2026\/02\/EP-29.jpg?fit=1200%2C675&ssl=1&resize=350%2C200","width":350,"height":200,"srcset":"https:\/\/i0.wp.com\/moving-with-life.org\/wp-content\/uploads\/2026\/02\/EP-29.jpg?fit=1200%2C675&ssl=1&resize=350%2C200 1x, https:\/\/i0.wp.com\/moving-with-life.org\/wp-content\/uploads\/2026\/02\/EP-29.jpg?fit=1200%2C675&ssl=1&resize=525%2C300 1.5x, https:\/\/i0.wp.com\/moving-with-life.org\/wp-content\/uploads\/2026\/02\/EP-29.jpg?fit=1200%2C675&ssl=1&resize=700%2C400 2x, https:\/\/i0.wp.com\/moving-with-life.org\/wp-content\/uploads\/2026\/02\/EP-29.jpg?fit=1200%2C675&ssl=1&resize=1050%2C600 3x"},"classes":[]},{"id":706,"url":"https:\/\/moving-with-life.org\/en\/2025\/04\/15\/angst-als-tor-zum-leben\/","url_meta":{"origin":3183,"position":4},"title":"Angst als Tor zum Leben","author":"Sara Gnanzou","date":"15. April 2025","format":false,"excerpt":"Leben \u2013 im Fluss des Lebens baden und sich in tiefer Freude und Verbundenheit mit der Sch\u00f6pfung bewegen. Ganz in der Gewissheit sein, die eigene Rolle im kosmischen Theater zu kennen. Man kann es in vielen Worten umschreiben \u2013 man selbst sein, frei sein, sich entwickeln. Es ist diese Ahnung,\u2026","rel":"","context":"In &quot;Perspektive&quot;","block_context":{"text":"Perspektive","link":"https:\/\/moving-with-life.org\/en\/category\/blog\/perspektive\/"},"img":{"alt_text":"","src":"https:\/\/i0.wp.com\/moving-with-life.org\/wp-content\/uploads\/2025\/04\/photo_2025-04-24_14-52-12.jpg?fit=1198%2C1200&ssl=1&resize=350%2C200","width":350,"height":200,"srcset":"https:\/\/i0.wp.com\/moving-with-life.org\/wp-content\/uploads\/2025\/04\/photo_2025-04-24_14-52-12.jpg?fit=1198%2C1200&ssl=1&resize=350%2C200 1x, https:\/\/i0.wp.com\/moving-with-life.org\/wp-content\/uploads\/2025\/04\/photo_2025-04-24_14-52-12.jpg?fit=1198%2C1200&ssl=1&resize=525%2C300 1.5x, https:\/\/i0.wp.com\/moving-with-life.org\/wp-content\/uploads\/2025\/04\/photo_2025-04-24_14-52-12.jpg?fit=1198%2C1200&ssl=1&resize=700%2C400 2x, https:\/\/i0.wp.com\/moving-with-life.org\/wp-content\/uploads\/2025\/04\/photo_2025-04-24_14-52-12.jpg?fit=1198%2C1200&ssl=1&resize=1050%2C600 3x"},"classes":[]},{"id":1199,"url":"https:\/\/moving-with-life.org\/en\/2025\/06\/08\/warum-schattenarbeit\/","url_meta":{"origin":3183,"position":5},"title":"Warum Schattenarbeit?","author":"Sara Gnanzou","date":"8. June 2025","format":false,"excerpt":"Es ist ein interessantes Ph\u00e4nomen, dass f\u00fcr die meisten zun\u00e4chst die spirituelle Praxis oder Heilarbeit nur jenseits von der Welt m\u00f6glich ist. Die Welt scheint eine heimliche, niederdr\u00fcckende Kraft zu haben, der man sich nur schwer entziehen kann. Auf der einen Seite sind die n\u00e4hrenden oder ruhigen Momente, die dem\u2026","rel":"","context":"In &quot;Perspektive&quot;","block_context":{"text":"Perspektive","link":"https:\/\/moving-with-life.org\/en\/category\/blog\/perspektive\/"},"img":{"alt_text":"","src":"https:\/\/i0.wp.com\/moving-with-life.org\/wp-content\/uploads\/2025\/06\/photo_2025-06-08_20-05-29.jpg?fit=1200%2C1200&ssl=1&resize=350%2C200","width":350,"height":200,"srcset":"https:\/\/i0.wp.com\/moving-with-life.org\/wp-content\/uploads\/2025\/06\/photo_2025-06-08_20-05-29.jpg?fit=1200%2C1200&ssl=1&resize=350%2C200 1x, https:\/\/i0.wp.com\/moving-with-life.org\/wp-content\/uploads\/2025\/06\/photo_2025-06-08_20-05-29.jpg?fit=1200%2C1200&ssl=1&resize=525%2C300 1.5x, https:\/\/i0.wp.com\/moving-with-life.org\/wp-content\/uploads\/2025\/06\/photo_2025-06-08_20-05-29.jpg?fit=1200%2C1200&ssl=1&resize=700%2C400 2x, https:\/\/i0.wp.com\/moving-with-life.org\/wp-content\/uploads\/2025\/06\/photo_2025-06-08_20-05-29.jpg?fit=1200%2C1200&ssl=1&resize=1050%2C600 3x"},"classes":[]}],"_links":{"self":[{"href":"https:\/\/moving-with-life.org\/en\/wp-json\/wp\/v2\/posts\/3183","targetHints":{"allow":["GET"]}}],"collection":[{"href":"https:\/\/moving-with-life.org\/en\/wp-json\/wp\/v2\/posts"}],"about":[{"href":"https:\/\/moving-with-life.org\/en\/wp-json\/wp\/v2\/types\/post"}],"author":[{"embeddable":true,"href":"https:\/\/moving-with-life.org\/en\/wp-json\/wp\/v2\/users\/244310740"}],"replies":[{"embeddable":true,"href":"https:\/\/moving-with-life.org\/en\/wp-json\/wp\/v2\/comments?post=3183"}],"version-history":[{"count":6,"href":"https:\/\/moving-with-life.org\/en\/wp-json\/wp\/v2\/posts\/3183\/revisions"}],"predecessor-version":[{"id":3191,"href":"https:\/\/moving-with-life.org\/en\/wp-json\/wp\/v2\/posts\/3183\/revisions\/3191"}],"wp:featuredmedia":[{"embeddable":true,"href":"https:\/\/moving-with-life.org\/en\/wp-json\/wp\/v2\/media\/3189"}],"wp:attachment":[{"href":"https:\/\/moving-with-life.org\/en\/wp-json\/wp\/v2\/media?parent=3183"}],"wp:term":[{"taxonomy":"category","embeddable":true,"href":"https:\/\/moving-with-life.org\/en\/wp-json\/wp\/v2\/categories?post=3183"},{"taxonomy":"post_tag","embeddable":true,"href":"https:\/\/moving-with-life.org\/en\/wp-json\/wp\/v2\/tags?post=3183"}],"curies":[{"name":"wp","href":"https:\/\/api.w.org\/{rel}","templated":true}]}}