{"id":2748,"date":"2026-02-11T13:30:07","date_gmt":"2026-02-11T12:30:07","guid":{"rendered":"https:\/\/moving-with-life.org\/?p=2748"},"modified":"2026-02-11T13:30:07","modified_gmt":"2026-02-11T12:30:07","slug":"ep-25-reise-zum-gebet-des-herzens","status":"publish","type":"post","link":"https:\/\/moving-with-life.org\/en\/2026\/02\/11\/ep-25-reise-zum-gebet-des-herzens\/","title":{"rendered":"EP 25 Reise zum Gebet des Herzens"},"content":{"rendered":"<figure class=\"wp-block-audio\"><audio controls src=\"https:\/\/moving-with-life.org\/wp-content\/uploads\/2026\/02\/EP-25.mp3\"><\/audio><\/figure>\n\n\n\n<p class=\"wp-block-paragraph\">In dieser Episode sinke ich in das Pulsieren von Leben, das sich durch das Herz in die Zellen ergie\u00dft. Es ist eine meditative Reise und eine Erforschung von Liebe und innerer N\u00e4hrung wie sie die G\u00f6ttin uns hinter allen Formen lehrt. <\/p>\n\n\n\n<p class=\"wp-block-paragraph\"><em>Sind Sie bewegt? Dann hinterlassen Sie ein Kommentar oder Like und abonnieren Sie den Newsletter f\u00fcr kostenfreie Events mit gemeinsamer heilsamer Lebensforschung!<\/em><\/p>","protected":false},"excerpt":{"rendered":"<p>In dieser Episode sinke ich in das Pulsieren von Leben, das sich durch das Herz in die Zellen ergie\u00dft. Es ist eine meditative Reise und eine Erforschung von Liebe und innerer N\u00e4hrung wie sie die G\u00f6ttin uns hinter allen Formen lehrt. Sind Sie bewegt? Dann hinterlassen Sie ein Kommentar oder Like und abonnieren Sie den [&hellip;]<\/p>\n","protected":false},"author":244310740,"featured_media":2751,"comment_status":"open","ping_status":"open","sticky":false,"template":"podcast-episode","format":"standard","meta":{"_crdt_document":"","advanced_seo_description":"","jetpack_seo_html_title":"","jetpack_seo_noindex":false,"_jetpack_newsletter_access":"","_jetpack_dont_email_post_to_subs":false,"_jetpack_newsletter_tier_id":0,"_jetpack_memberships_contains_paywalled_content":false,"_jetpack_memberships_contains_paid_content":false,"footnotes":"","jetpack_publicize_message":"EP 25 \ud83c\udf1f: In dieser Episode sinke ich in das Pulsieren von Leben, das sich durch das Herz in die Zellen ergie\u00dft. Es ist eine meditative Reise und eine Erforschung von Liebe und innerer N\u00e4hrung wie sie die G\u00f6ttin uns hinter allen Formen lehrt. \n\nSind Sie bewegt? \u2728Dann hinterlassen Sie ein Kommentar oder Like und abonnieren Sie den Newsletter f\u00fcr kostenfreie Events mit gemeinsamer heilsamer Lebensforschung!","jetpack_publicize_feature_enabled":true,"jetpack_social_post_already_shared":false,"jetpack_social_options":{"image_generator_settings":{"template":"highway","default_image_id":0,"font":"","enabled":false},"version":2},"jetpack_post_was_ever_published":false},"categories":[1142],"tags":[785909219,785457008,130758,785909220,785909217,199311679,4829377,1277843,785909181,6197,229772,2708901,785909218,563269],"class_list":["post-2748","post","type-post","status-publish","format-standard","has-post-thumbnail","hentry","category-podcast","tag-begegnung-mit-gott","tag-beziehung-mit-leben","tag-embodiment","tag-herzgebet","tag-innere-naehrung","tag-innere-weg","tag-lebendigkeit","tag-lebenskraft","tag-liebe-gottes","tag-meditation","tag-mystik","tag-selbstbegegnung","tag-wahre-liebe","tag-weisheit"],"jetpack_publicize_connections":[],"jetpack_featured_media_url":"https:\/\/i0.wp.com\/moving-with-life.org\/wp-content\/uploads\/2026\/02\/EP-25.jpg?fit=1024%2C1024&ssl=1","jetpack_likes_enabled":true,"jetpack_sharing_enabled":true,"jetpack_shortlink":"https:\/\/wp.me\/pfnWhv-Ik","jetpack-related-posts":[{"id":2848,"url":"https:\/\/moving-with-life.org\/en\/2026\/02\/27\/schon-geliebt\/","url_meta":{"origin":2748,"position":0},"title":"Schon geliebt","author":"Sara Gnanzou","date":"27. February 2026","format":false,"excerpt":"Lass mich abermals vergehenund meine Tr\u00e4ume verblassen,in der Entt\u00e4uschung endlich Heil findenund mein Herz aufgehen sehenLass mich die alten Gel\u00fcbde ablegenwie ein zu eng gewordenes Kleid,um dann nackt und ungesch\u00f6ntunter deinem Anblick zu verstehen,dass deine Liebe keine Forderungen stelltNimm mich zu deiner Geliebten -auch wenn ich Liebe noch nicht schreiben\u2026","rel":"","context":"In &quot;Hingabe&quot;","block_context":{"text":"Hingabe","link":"https:\/\/moving-with-life.org\/en\/category\/blog\/hingabe\/"},"img":{"alt_text":"","src":"https:\/\/i0.wp.com\/moving-with-life.org\/wp-content\/uploads\/2026\/02\/2260227.png?fit=1200%2C686&ssl=1&resize=350%2C200","width":350,"height":200,"srcset":"https:\/\/i0.wp.com\/moving-with-life.org\/wp-content\/uploads\/2026\/02\/2260227.png?fit=1200%2C686&ssl=1&resize=350%2C200 1x, https:\/\/i0.wp.com\/moving-with-life.org\/wp-content\/uploads\/2026\/02\/2260227.png?fit=1200%2C686&ssl=1&resize=525%2C300 1.5x, https:\/\/i0.wp.com\/moving-with-life.org\/wp-content\/uploads\/2026\/02\/2260227.png?fit=1200%2C686&ssl=1&resize=700%2C400 2x, https:\/\/i0.wp.com\/moving-with-life.org\/wp-content\/uploads\/2026\/02\/2260227.png?fit=1200%2C686&ssl=1&resize=1050%2C600 3x"},"classes":[]},{"id":3168,"url":"https:\/\/moving-with-life.org\/en\/2026\/04\/19\/ep-40-reflektion-als-ein-akt-der-liebe\/","url_meta":{"origin":2748,"position":1},"title":"EP 40 Reflektion als ein Akt der Liebe","author":"Sara Gnanzou","date":"19. April 2026","format":false,"excerpt":"Diese Reise startet bei einer Aussicht \u00fcber die Landschaft und webt sich zu einer Reflektion \u00fcber die Selbstreflektion zusammen. Sie skizziert eine Selbstreflektion, die aus der Intelligenz des Herzens entspringt und das Leben, fernab von k\u00fchler Kategorisierung, w\u00fcrdigt und wohlwollend umarmt. Sie ist eine Einladung f\u00fcr den n\u00e4hrenden Tanz zwischen\u2026","rel":"","context":"In &quot;Podcast&quot;","block_context":{"text":"Podcast","link":"https:\/\/moving-with-life.org\/en\/category\/podcast\/"},"img":{"alt_text":"","src":"https:\/\/i0.wp.com\/moving-with-life.org\/wp-content\/uploads\/2026\/04\/EP-40.png?fit=1200%2C675&ssl=1&resize=350%2C200","width":350,"height":200,"srcset":"https:\/\/i0.wp.com\/moving-with-life.org\/wp-content\/uploads\/2026\/04\/EP-40.png?fit=1200%2C675&ssl=1&resize=350%2C200 1x, https:\/\/i0.wp.com\/moving-with-life.org\/wp-content\/uploads\/2026\/04\/EP-40.png?fit=1200%2C675&ssl=1&resize=525%2C300 1.5x, https:\/\/i0.wp.com\/moving-with-life.org\/wp-content\/uploads\/2026\/04\/EP-40.png?fit=1200%2C675&ssl=1&resize=700%2C400 2x, https:\/\/i0.wp.com\/moving-with-life.org\/wp-content\/uploads\/2026\/04\/EP-40.png?fit=1200%2C675&ssl=1&resize=1050%2C600 3x"},"classes":[]},{"id":2450,"url":"https:\/\/moving-with-life.org\/en\/2026\/01\/10\/wenn-wir-schreckliche-lebenserfahrungen-nicht-wollen\/","url_meta":{"origin":2748,"position":2},"title":"Wenn wir schreckliche Lebenserfahrungen nicht wollen","author":"Sara Gnanzou","date":"10. January 2026","format":false,"excerpt":"Wie k\u00f6nnen wir uns wieder wirklich f\u00fcr Leben interessieren? Eine Frage, die mich mit am meisten besch\u00e4ftigt. Ich lausche wach Richtung Herz und sp\u00fcre tiefes Mitgef\u00fchl. Es ist eine vertrackte Situation! So sehr wir uns nach Leben sehnen, so sehr lehnen wir es auch ab. Nat\u00fcrlich wollen wir uns ganz\u2026","rel":"","context":"In &quot;Perspektive&quot;","block_context":{"text":"Perspektive","link":"https:\/\/moving-with-life.org\/en\/category\/blog\/perspektive\/"},"img":{"alt_text":"","src":"https:\/\/i0.wp.com\/moving-with-life.org\/wp-content\/uploads\/2026\/01\/wenn-wir-schreckliche-lebenserfahrungen-nicht-wollen.jpeg?fit=1024%2C576&ssl=1&resize=350%2C200","width":350,"height":200,"srcset":"https:\/\/i0.wp.com\/moving-with-life.org\/wp-content\/uploads\/2026\/01\/wenn-wir-schreckliche-lebenserfahrungen-nicht-wollen.jpeg?fit=1024%2C576&ssl=1&resize=350%2C200 1x, https:\/\/i0.wp.com\/moving-with-life.org\/wp-content\/uploads\/2026\/01\/wenn-wir-schreckliche-lebenserfahrungen-nicht-wollen.jpeg?fit=1024%2C576&ssl=1&resize=525%2C300 1.5x, https:\/\/i0.wp.com\/moving-with-life.org\/wp-content\/uploads\/2026\/01\/wenn-wir-schreckliche-lebenserfahrungen-nicht-wollen.jpeg?fit=1024%2C576&ssl=1&resize=700%2C400 2x"},"classes":[]},{"id":1291,"url":"https:\/\/moving-with-life.org\/en\/2025\/06\/25\/vielleicht-ein-leben-lang\/","url_meta":{"origin":2748,"position":3},"title":"Vielleicht ein Leben lang","author":"Sara Gnanzou","date":"25. June 2025","format":false,"excerpt":"Ich ringe mehrals das ich mit Dir tanzeum der Ekstase willenschau ich Dir ins Gesichtheut bricht kein Sonnenstrahldurch meine Wolkenund all das Lachen...nicht mehr als ein Kindergedichtwo ist die Freude die den Schmerz nicht verkenntund das Herzwas sich dem Grauen \u00f6ffnetwo ist die Weisedie mich lehrt Gebrochenes zu liebenund aufrecht,gl\u00fchend,durch\u2026","rel":"","context":"In &quot;Hingabe&quot;","block_context":{"text":"Hingabe","link":"https:\/\/moving-with-life.org\/en\/category\/blog\/hingabe\/"},"img":{"alt_text":"","src":"https:\/\/i0.wp.com\/moving-with-life.org\/wp-content\/uploads\/2025\/06\/image.jpeg?fit=1024%2C576&ssl=1&resize=350%2C200","width":350,"height":200,"srcset":"https:\/\/i0.wp.com\/moving-with-life.org\/wp-content\/uploads\/2025\/06\/image.jpeg?fit=1024%2C576&ssl=1&resize=350%2C200 1x, https:\/\/i0.wp.com\/moving-with-life.org\/wp-content\/uploads\/2025\/06\/image.jpeg?fit=1024%2C576&ssl=1&resize=525%2C300 1.5x, https:\/\/i0.wp.com\/moving-with-life.org\/wp-content\/uploads\/2025\/06\/image.jpeg?fit=1024%2C576&ssl=1&resize=700%2C400 2x"},"classes":[]},{"id":2775,"url":"https:\/\/moving-with-life.org\/en\/2026\/02\/14\/ep-26-dem-vibrieren-von-leben-bedingungslos-lauschen\/","url_meta":{"origin":2748,"position":4},"title":"EP 26 Dem Vibrieren von Leben bedingungslos lauschen","author":"Sara Gnanzou","date":"14. February 2026","format":false,"excerpt":"In der Episode kreise ich forschend um die Liebe zum Leben und das tiefe Vibrieren von Energie in uns. Dabei untersuche ich die Ablenkungsmechanismen und die M\u00f6glichkeit der Ann\u00e4hrung. Um die ewige Lebenskraft in unseren Zellen vibrieren sp\u00fcren zu k\u00f6nnen, m\u00fcssen wir dem Leben einen vorstellungsfreien Raum schenken, in dem\u2026","rel":"","context":"In &quot;Podcast&quot;","block_context":{"text":"Podcast","link":"https:\/\/moving-with-life.org\/en\/category\/podcast\/"},"img":{"alt_text":"","src":"https:\/\/i0.wp.com\/moving-with-life.org\/wp-content\/uploads\/2026\/02\/EP-26.jpg?fit=512%2C512&ssl=1&resize=350%2C200","width":350,"height":200},"classes":[]},{"id":2592,"url":"https:\/\/moving-with-life.org\/en\/2026\/01\/25\/ep-20-wie-der-glaube-die-bruecke-zwischen-ewigkeit-und-alltag-beeinflusst-teil-1\/","url_meta":{"origin":2748,"position":5},"title":"EP 20 Was die Br\u00fccke zwischen Ewigkeit und Alltag beeinflusst Teil 1","author":"Sara Gnanzou","date":"25. January 2026","format":false,"excerpt":"Im ersten Teil dieser zweiteiligen Reise erforsche ich, warum sich die Erfahrung von Ewigkeit mit seiner Freude, Liebe und Stille so schwer in das allt\u00e4gliche Leben integrieren l\u00e4sst. Dabei wird der Einfluss des tief ins kulturelle Fundament eingegrabenen Glaubenssatzes, der die Kraft der G\u00f6ttin und Liebe schw\u00e4cht, und seine Folgen\u2026","rel":"","context":"In &quot;Podcast&quot;","block_context":{"text":"Podcast","link":"https:\/\/moving-with-life.org\/en\/category\/podcast\/"},"img":{"alt_text":"","src":"https:\/\/i0.wp.com\/moving-with-life.org\/wp-content\/uploads\/2026\/01\/EP-20.jpeg?fit=768%2C768&ssl=1&resize=350%2C200","width":350,"height":200,"srcset":"https:\/\/i0.wp.com\/moving-with-life.org\/wp-content\/uploads\/2026\/01\/EP-20.jpeg?fit=768%2C768&ssl=1&resize=350%2C200 1x, https:\/\/i0.wp.com\/moving-with-life.org\/wp-content\/uploads\/2026\/01\/EP-20.jpeg?fit=768%2C768&ssl=1&resize=525%2C300 1.5x, https:\/\/i0.wp.com\/moving-with-life.org\/wp-content\/uploads\/2026\/01\/EP-20.jpeg?fit=768%2C768&ssl=1&resize=700%2C400 2x"},"classes":[]}],"_links":{"self":[{"href":"https:\/\/moving-with-life.org\/en\/wp-json\/wp\/v2\/posts\/2748","targetHints":{"allow":["GET"]}}],"collection":[{"href":"https:\/\/moving-with-life.org\/en\/wp-json\/wp\/v2\/posts"}],"about":[{"href":"https:\/\/moving-with-life.org\/en\/wp-json\/wp\/v2\/types\/post"}],"author":[{"embeddable":true,"href":"https:\/\/moving-with-life.org\/en\/wp-json\/wp\/v2\/users\/244310740"}],"replies":[{"embeddable":true,"href":"https:\/\/moving-with-life.org\/en\/wp-json\/wp\/v2\/comments?post=2748"}],"version-history":[{"count":4,"href":"https:\/\/moving-with-life.org\/en\/wp-json\/wp\/v2\/posts\/2748\/revisions"}],"predecessor-version":[{"id":2754,"href":"https:\/\/moving-with-life.org\/en\/wp-json\/wp\/v2\/posts\/2748\/revisions\/2754"}],"wp:featuredmedia":[{"embeddable":true,"href":"https:\/\/moving-with-life.org\/en\/wp-json\/wp\/v2\/media\/2751"}],"wp:attachment":[{"href":"https:\/\/moving-with-life.org\/en\/wp-json\/wp\/v2\/media?parent=2748"}],"wp:term":[{"taxonomy":"category","embeddable":true,"href":"https:\/\/moving-with-life.org\/en\/wp-json\/wp\/v2\/categories?post=2748"},{"taxonomy":"post_tag","embeddable":true,"href":"https:\/\/moving-with-life.org\/en\/wp-json\/wp\/v2\/tags?post=2748"}],"curies":[{"name":"wp","href":"https:\/\/api.w.org\/{rel}","templated":true}]}}