{"id":2304,"date":"2025-12-18T20:38:46","date_gmt":"2025-12-18T19:38:46","guid":{"rendered":"https:\/\/moving-with-life.org\/?p=2304"},"modified":"2026-01-29T09:38:25","modified_gmt":"2026-01-29T08:38:25","slug":"ep-10-leben-durch-verbindung-der-welten","status":"publish","type":"post","link":"https:\/\/moving-with-life.org\/en\/2025\/12\/18\/ep-10-leben-durch-verbindung-der-welten\/","title":{"rendered":"EP 10 Leben durch Verbindung der Welten"},"content":{"rendered":"<figure class=\"wp-block-audio\"><audio controls src=\"https:\/\/moving-with-life.org\/wp-content\/uploads\/2025\/12\/EP-10.mp3\"><\/audio><\/figure>\n\n\n\n<p class=\"wp-block-paragraph\">Die Erfahrung von Trennung zwischen dem allt\u00e4glichen Trubel und der tiefen Stille der inneren Natur ist in dieser Folge das Thema. Ich reise zwischen den Welten. Daraus webt sich eine Vision eines lebendigen Lebens, das aus der verbindenden Bewegung zwischen den Welten entsteht.<\/p>\n\n\n\n<p class=\"wp-block-paragraph\"><em>Bist du bewegt? Dann hinterlasse ein Kommentar oder Like und abonniere den Newsletter f\u00fcr kostenfreie Events mit gemeinsamer heilsamer Lebensforschung!<\/em><\/p>","protected":false},"excerpt":{"rendered":"<p>Die Erfahrung von Trennung zwischen dem allt\u00e4glichen Trubel und der tiefen Stille der inneren Natur ist in dieser Folge das Thema. Ich reise zwischen den Welten. Daraus webt sich eine Vision eines lebendigen Lebens, das aus der verbindenden Bewegung zwischen den Welten entsteht. Bist du bewegt? Dann hinterlasse ein Kommentar oder Like und abonniere den [&hellip;]<\/p>\n","protected":false},"author":244310740,"featured_media":2309,"comment_status":"open","ping_status":"open","sticky":false,"template":"podcast-episode","format":"standard","meta":{"_crdt_document":"","advanced_seo_description":"","jetpack_seo_html_title":"","jetpack_seo_noindex":false,"_jetpack_newsletter_access":"","_jetpack_dont_email_post_to_subs":false,"_jetpack_newsletter_tier_id":0,"_jetpack_memberships_contains_paywalled_content":false,"_jetpack_memberships_contains_paid_content":false,"footnotes":"","jetpack_publicize_message":"Eine neue Episode! \n\nDie Erfahrung von Trennung zwischen dem allt\u00e4glichen Trubel und der tiefen Stille der Natur ist in dieser Folge das Thema. Ich reise zwischen den Welten. Daraus webt sich eine Vision eines lebendigen Lebens, das aus der verbindenden Bewegung zwischen den Welten entsteht.\n\nBewegt der Podcast etwas in dir? Ich bin gespannt, davon zu h\u00f6ren!","jetpack_publicize_feature_enabled":true,"jetpack_social_post_already_shared":false,"jetpack_social_options":{"image_generator_settings":{"template":"highway","default_image_id":0,"font":"","enabled":false},"version":2},"jetpack_post_was_ever_published":false},"categories":[1142],"tags":[785457008,130758,63180,703205,199311679,785909152,4829377,785909151,785909150,2708901,785909056,13390998,785909149,563269],"class_list":["post-2304","post","type-post","status-publish","format-standard","has-post-thumbnail","hentry","category-podcast","tag-beziehung-mit-leben","tag-embodiment","tag-gott","tag-innenwelt","tag-innere-weg","tag-kultur","tag-lebendigkeit","tag-natur","tag-sekbsterkenntnis","tag-selbstbegegnung","tag-selbstentwicklung","tag-selbsterforschung","tag-wahres-wesen","tag-weisheit"],"jetpack_publicize_connections":[],"jetpack_featured_media_url":"https:\/\/i0.wp.com\/moving-with-life.org\/wp-content\/uploads\/2025\/12\/EP-10.jpeg?fit=768%2C768&ssl=1","jetpack_likes_enabled":true,"jetpack_sharing_enabled":true,"jetpack_shortlink":"https:\/\/wp.me\/pfnWhv-Ba","jetpack-related-posts":[{"id":3183,"url":"https:\/\/moving-with-life.org\/en\/2026\/04\/26\/ep-41-der-kampf-erwachender-seelen\/","url_meta":{"origin":2304,"position":0},"title":"EP 41 Der Kampf erwachender Seelen","author":"Sara Gnanzou","date":"26. April 2026","format":false,"excerpt":"Diese Innenweltreise betrachtet den inneren Reibepunkt zwischen der erwachenden seelischen Lebendigkeit und dem Gef\u00e4ngnis der starren Strukturen, die Leben nicht f\u00f6rdern. Diese Reise bietet keine schnelle L\u00f6sung - weil es keine gibt und es keine braucht. Im Einflie\u00dfen inspirierender Energien ist diese Episode vielmehr eine Mut machende Erinnerung, sich auf\u2026","rel":"","context":"In &quot;Podcast&quot;","block_context":{"text":"Podcast","link":"https:\/\/moving-with-life.org\/en\/category\/podcast\/"},"img":{"alt_text":"","src":"https:\/\/i0.wp.com\/moving-with-life.org\/wp-content\/uploads\/2026\/04\/EP-41.png?fit=1200%2C675&ssl=1&resize=350%2C200","width":350,"height":200,"srcset":"https:\/\/i0.wp.com\/moving-with-life.org\/wp-content\/uploads\/2026\/04\/EP-41.png?fit=1200%2C675&ssl=1&resize=350%2C200 1x, https:\/\/i0.wp.com\/moving-with-life.org\/wp-content\/uploads\/2026\/04\/EP-41.png?fit=1200%2C675&ssl=1&resize=525%2C300 1.5x, https:\/\/i0.wp.com\/moving-with-life.org\/wp-content\/uploads\/2026\/04\/EP-41.png?fit=1200%2C675&ssl=1&resize=700%2C400 2x, https:\/\/i0.wp.com\/moving-with-life.org\/wp-content\/uploads\/2026\/04\/EP-41.png?fit=1200%2C675&ssl=1&resize=1050%2C600 3x"},"classes":[]},{"id":2249,"url":"https:\/\/moving-with-life.org\/en\/2025\/12\/14\/ep-9-dem-leben-im-sturm-begegnen\/","url_meta":{"origin":2304,"position":1},"title":"EP 9 Dem Leben im Sturm begegnen","author":"Sara Gnanzou","date":"14. December 2025","format":false,"excerpt":"In diese Folge f\u00fchrt es mich zwischen dem Herzzentrum und dem Lebenssturm menschlicher Erfahrungen zu der Frage um den inneren Halt und der M\u00f6glichkeit, das Leben hinter dem Sturm zu erkennen. Dabei zeigt sich der Wandlungsweg vom Opfer der Erfahrung zum aufgerichteten Erlebenden. Bist du bewegt? Dann hinterlasse ein Kommentar\u2026","rel":"","context":"In &quot;Podcast&quot;","block_context":{"text":"Podcast","link":"https:\/\/moving-with-life.org\/en\/category\/podcast\/"},"img":{"alt_text":"","src":"https:\/\/i0.wp.com\/moving-with-life.org\/wp-content\/uploads\/2025\/12\/EP-9.jpeg?fit=768%2C768&ssl=1&resize=350%2C200","width":350,"height":200,"srcset":"https:\/\/i0.wp.com\/moving-with-life.org\/wp-content\/uploads\/2025\/12\/EP-9.jpeg?fit=768%2C768&ssl=1&resize=350%2C200 1x, https:\/\/i0.wp.com\/moving-with-life.org\/wp-content\/uploads\/2025\/12\/EP-9.jpeg?fit=768%2C768&ssl=1&resize=525%2C300 1.5x, https:\/\/i0.wp.com\/moving-with-life.org\/wp-content\/uploads\/2025\/12\/EP-9.jpeg?fit=768%2C768&ssl=1&resize=700%2C400 2x"},"classes":[]},{"id":2508,"url":"https:\/\/moving-with-life.org\/en\/2026\/01\/15\/ep-17-suchen-oder-geben-was-uns-durch-die-welt-bewegt\/","url_meta":{"origin":2304,"position":2},"title":"EP 17 Suchen oder Geben &#8211; was uns durch die Welt bewegt","author":"Sara Gnanzou","date":"15. January 2026","format":false,"excerpt":"In dieser Episode erforsche ich den Beweggrund, der uns durch die Welt bewegt. Bei Unterscheidung zwischen dem Suchenden und Gebenden werden dabei spirituelle Perfektionsideen aufgedeckt und die seelische Gleichwertigkeit der Beweggr\u00fcnde deutlich. Dadurch wird die unermessliche Liebe der G\u00f6ttin als Raumhalterung f\u00fcr alle Erfahrungen sichtbar. Bist du bewegt? Dann hinterlasse\u2026","rel":"","context":"In &quot;Podcast&quot;","block_context":{"text":"Podcast","link":"https:\/\/moving-with-life.org\/en\/category\/podcast\/"},"img":{"alt_text":"","src":"https:\/\/i0.wp.com\/moving-with-life.org\/wp-content\/uploads\/2026\/01\/EP-17.jpeg?fit=768%2C768&ssl=1&resize=350%2C200","width":350,"height":200,"srcset":"https:\/\/i0.wp.com\/moving-with-life.org\/wp-content\/uploads\/2026\/01\/EP-17.jpeg?fit=768%2C768&ssl=1&resize=350%2C200 1x, https:\/\/i0.wp.com\/moving-with-life.org\/wp-content\/uploads\/2026\/01\/EP-17.jpeg?fit=768%2C768&ssl=1&resize=525%2C300 1.5x, https:\/\/i0.wp.com\/moving-with-life.org\/wp-content\/uploads\/2026\/01\/EP-17.jpeg?fit=768%2C768&ssl=1&resize=700%2C400 2x"},"classes":[]},{"id":2689,"url":"https:\/\/moving-with-life.org\/en\/2026\/01\/31\/innere-ruhe-oder-dissoziative-verstummung\/","url_meta":{"origin":2304,"position":3},"title":"Innere Ruhe oder dissoziative Verstummung?","author":"Sara Gnanzou","date":"31. January 2026","format":false,"excerpt":"\u201eIn wahrer Ruhe vibriert innere Lebendigkeit, die in der Verstummung unterdr\u00fcckt bleibt.\u201c Kultur der Lebensablehnung Statt die Kultivierung von Lebenskraft zu erlernen, haben viele Menschen im Erwachsenwerden ein Training in Lebensablehnung durchlaufen. Und dieses Training ist k\u00f6rperlich konkret. Es geht um die Gef\u00fchle, die wir unter dauerhafter Muskelkontraktion unterdr\u00fccken. Es\u2026","rel":"","context":"In &quot;Unterscheidungskraft&quot;","block_context":{"text":"Unterscheidungskraft","link":"https:\/\/moving-with-life.org\/en\/category\/blog\/unterscheidung\/"},"img":{"alt_text":"","src":"https:\/\/i0.wp.com\/moving-with-life.org\/wp-content\/uploads\/2026\/01\/innere-ruhe-oder-verstummung-1.jpeg?fit=1024%2C576&ssl=1&resize=350%2C200","width":350,"height":200,"srcset":"https:\/\/i0.wp.com\/moving-with-life.org\/wp-content\/uploads\/2026\/01\/innere-ruhe-oder-verstummung-1.jpeg?fit=1024%2C576&ssl=1&resize=350%2C200 1x, https:\/\/i0.wp.com\/moving-with-life.org\/wp-content\/uploads\/2026\/01\/innere-ruhe-oder-verstummung-1.jpeg?fit=1024%2C576&ssl=1&resize=525%2C300 1.5x, https:\/\/i0.wp.com\/moving-with-life.org\/wp-content\/uploads\/2026\/01\/innere-ruhe-oder-verstummung-1.jpeg?fit=1024%2C576&ssl=1&resize=700%2C400 2x"},"classes":[]},{"id":1698,"url":"https:\/\/moving-with-life.org\/en\/2025\/08\/18\/einsicht-entwicklung-und-prozess-wie-spirituelle-praxis-das-leben-unterstutzt\/","url_meta":{"origin":2304,"position":4},"title":"Einsicht, Entwicklung und Prozess &#8211; wie spirituelle Praxis das Leben unterst\u00fctzt\u00a0","author":"Sara Gnanzou","date":"18. August 2025","format":false,"excerpt":"Leben haben wollen, doch den Prozess vermeiden\u00a0 Viele wollen das Leben, doch wenige sind bereit f\u00fcr den\u00a0Entwicklungsprozess.\u00a0Es ist so verf\u00fchrerisch leichte Abk\u00fcrzungen zu w\u00e4hlen, um Leben ohne inneren Wandlungsprozess zu erleben. Drogen geben die schnelle \u00d6ffnung zur Ekstase.\u00a0Sex und Extremsportarten erinnern an den Rausch der Energie.\u00a0Die Energie\u00fcbertragung eines Meisters\u00a0oder das\u2026","rel":"","context":"In &quot;Perspektive&quot;","block_context":{"text":"Perspektive","link":"https:\/\/moving-with-life.org\/en\/category\/blog\/perspektive\/"},"img":{"alt_text":"","src":"https:\/\/i0.wp.com\/moving-with-life.org\/wp-content\/uploads\/2025\/08\/einsicht-entwicklung-prozess-1.jpeg?fit=1024%2C576&ssl=1&resize=350%2C200","width":350,"height":200,"srcset":"https:\/\/i0.wp.com\/moving-with-life.org\/wp-content\/uploads\/2025\/08\/einsicht-entwicklung-prozess-1.jpeg?fit=1024%2C576&ssl=1&resize=350%2C200 1x, https:\/\/i0.wp.com\/moving-with-life.org\/wp-content\/uploads\/2025\/08\/einsicht-entwicklung-prozess-1.jpeg?fit=1024%2C576&ssl=1&resize=525%2C300 1.5x, https:\/\/i0.wp.com\/moving-with-life.org\/wp-content\/uploads\/2025\/08\/einsicht-entwicklung-prozess-1.jpeg?fit=1024%2C576&ssl=1&resize=700%2C400 2x"},"classes":[]},{"id":2441,"url":"https:\/\/moving-with-life.org\/en\/2026\/01\/08\/ep-15-wo-leben-wartet-wenn-der-alltag-leer-ist\/","url_meta":{"origin":2304,"position":5},"title":"EP 15 Wo Leben wartet, wenn der Alltag leer ist","author":"Sara Gnanzou","date":"8. January 2026","format":false,"excerpt":"In dieser Reise geht es um die Frage, was wirkliches Leben ist. Ich sto\u00dfe auf ein Missverst\u00e4ndnis von Innen und Au\u00dfen, was uns vergeblich Leben mit den Lebensformen verwechseln l\u00e4sst. Dabei zeichnet sich ein Weg, wie ewiges Leben wieder in die Formen finden kann und unseren Alltag lebendig werden l\u00e4sst.\u2026","rel":"","context":"In &quot;Podcast&quot;","block_context":{"text":"Podcast","link":"https:\/\/moving-with-life.org\/en\/category\/podcast\/"},"img":{"alt_text":"","src":"https:\/\/i0.wp.com\/moving-with-life.org\/wp-content\/uploads\/2026\/01\/EP-15.jpeg?fit=1024%2C1024&ssl=1&resize=350%2C200","width":350,"height":200,"srcset":"https:\/\/i0.wp.com\/moving-with-life.org\/wp-content\/uploads\/2026\/01\/EP-15.jpeg?fit=1024%2C1024&ssl=1&resize=350%2C200 1x, https:\/\/i0.wp.com\/moving-with-life.org\/wp-content\/uploads\/2026\/01\/EP-15.jpeg?fit=1024%2C1024&ssl=1&resize=525%2C300 1.5x, https:\/\/i0.wp.com\/moving-with-life.org\/wp-content\/uploads\/2026\/01\/EP-15.jpeg?fit=1024%2C1024&ssl=1&resize=700%2C400 2x"},"classes":[]}],"_links":{"self":[{"href":"https:\/\/moving-with-life.org\/en\/wp-json\/wp\/v2\/posts\/2304","targetHints":{"allow":["GET"]}}],"collection":[{"href":"https:\/\/moving-with-life.org\/en\/wp-json\/wp\/v2\/posts"}],"about":[{"href":"https:\/\/moving-with-life.org\/en\/wp-json\/wp\/v2\/types\/post"}],"author":[{"embeddable":true,"href":"https:\/\/moving-with-life.org\/en\/wp-json\/wp\/v2\/users\/244310740"}],"replies":[{"embeddable":true,"href":"https:\/\/moving-with-life.org\/en\/wp-json\/wp\/v2\/comments?post=2304"}],"version-history":[{"count":6,"href":"https:\/\/moving-with-life.org\/en\/wp-json\/wp\/v2\/posts\/2304\/revisions"}],"predecessor-version":[{"id":2638,"href":"https:\/\/moving-with-life.org\/en\/wp-json\/wp\/v2\/posts\/2304\/revisions\/2638"}],"wp:featuredmedia":[{"embeddable":true,"href":"https:\/\/moving-with-life.org\/en\/wp-json\/wp\/v2\/media\/2309"}],"wp:attachment":[{"href":"https:\/\/moving-with-life.org\/en\/wp-json\/wp\/v2\/media?parent=2304"}],"wp:term":[{"taxonomy":"category","embeddable":true,"href":"https:\/\/moving-with-life.org\/en\/wp-json\/wp\/v2\/categories?post=2304"},{"taxonomy":"post_tag","embeddable":true,"href":"https:\/\/moving-with-life.org\/en\/wp-json\/wp\/v2\/tags?post=2304"}],"curies":[{"name":"wp","href":"https:\/\/api.w.org\/{rel}","templated":true}]}}