{"id":2219,"date":"2025-12-11T21:35:43","date_gmt":"2025-12-11T20:35:43","guid":{"rendered":"https:\/\/moving-with-life.org\/?p=2219"},"modified":"2026-01-29T09:42:28","modified_gmt":"2026-01-29T08:42:28","slug":"ep-8-warum-schattenerfahrungen-ein-gutes-zeichen-sind","status":"publish","type":"post","link":"https:\/\/moving-with-life.org\/en\/2025\/12\/11\/ep-8-warum-schattenerfahrungen-ein-gutes-zeichen-sind\/","title":{"rendered":"EP 8 Warum Schattenerfahrungen ein gutes Zeichen sind"},"content":{"rendered":"<figure class=\"wp-block-audio\"><audio controls src=\"https:\/\/moving-with-life.org\/wp-content\/uploads\/2025\/12\/EP-8-Warum-Schattenerfahrungen-ein-gutes-Zeichen-sind.mp3\"><\/audio><\/figure>\n\n\n\n<p class=\"wp-block-paragraph\">Aus der Kulturperspektive sind Schattenerfahrungen die zu vermeidende Katastrophe. Doch meine Forschung, und die vieler Weisheitstraditionen, zeigt die eigentliche Katastrophe ist die Schattenvermeidung. Heute erforsche ich eine Perspektive, in der Schattenbegegnungen ein nat\u00fcrlicher Teil eines sich entwickelnden Lebens sind. <\/p>\n\n\n\n<p class=\"wp-block-paragraph\"><em>Bist du bewegt? Dann hinterlasse ein Kommentar oder Like und abonniere den Newsletter f\u00fcr kostenfreie Events mit gemeinsamer heilsamer Lebensforschung!<\/em><\/p>","protected":false},"excerpt":{"rendered":"<p>Aus der Kulturperspektive sind Schattenerfahrungen die zu vermeidende Katastrophe. Doch meine Forschung, und die vieler Weisheitstraditionen, zeigt die eigentliche Katastrophe ist die Schattenvermeidung. Heute erforsche ich eine Perspektive, in der Schattenbegegnungen ein nat\u00fcrlicher Teil eines sich entwickelnden Lebens sind. Bist du bewegt? Dann hinterlasse ein Kommentar oder Like und abonniere den Newsletter f\u00fcr kostenfreie Events [&hellip;]<\/p>\n","protected":false},"author":244310740,"featured_media":2224,"comment_status":"open","ping_status":"open","sticky":false,"template":"podcast-episode","format":"standard","meta":{"_crdt_document":"","advanced_seo_description":"","jetpack_seo_html_title":"","jetpack_seo_noindex":false,"_jetpack_newsletter_access":"","_jetpack_dont_email_post_to_subs":false,"_jetpack_newsletter_tier_id":0,"_jetpack_memberships_contains_paywalled_content":false,"_jetpack_memberships_contains_paid_content":false,"footnotes":"","jetpack_publicize_message":"Vor einigen Wochen habe ich einen Podcast gestartet - \"Guten Morgen, Leben! Der Podcast f\u00fcr ein tiefbewegtes Leben\". Hier die neue Folge - was bewegt sie in dir? ","jetpack_publicize_feature_enabled":true,"jetpack_social_post_already_shared":false,"jetpack_social_options":{"image_generator_settings":{"template":"highway","default_image_id":0,"font":"","enabled":false},"version":2},"jetpack_post_was_ever_published":false},"categories":[1142],"tags":[785457008,785909064,199311679,785909058,785909060,2339284,2708901,785909056,13390998,563269],"class_list":["post-2219","post","type-post","status-publish","format-standard","has-post-thumbnail","hentry","category-podcast","tag-beziehung-mit-leben","tag-individualitaet","tag-innere-weg","tag-krise","tag-lebensbejahung","tag-schattenarbeit","tag-selbstbegegnung","tag-selbstentwicklung","tag-selbsterforschung","tag-weisheit"],"jetpack_publicize_connections":[],"jetpack_featured_media_url":"https:\/\/i0.wp.com\/moving-with-life.org\/wp-content\/uploads\/2025\/12\/EP-8.jpeg?fit=768%2C768&ssl=1","jetpack_likes_enabled":true,"jetpack_sharing_enabled":true,"jetpack_shortlink":"https:\/\/wp.me\/pfnWhv-zN","jetpack-related-posts":[{"id":297,"url":"https:\/\/moving-with-life.org\/en\/2024\/07\/13\/licht-oder-schatten-ist-das-die-frage\/","url_meta":{"origin":2219,"position":0},"title":"Licht oder Schatten &#8211; ist das die Frage?","author":"Sara Gnanzou","date":"13. July 2024","format":false,"excerpt":"In der weiten Landschaft der Spiritualit\u00e4t gibt es Orte, wo Schattenarbeit zelebriert und unterst\u00fctzt wird. Doch es existieren genauso Orte, wo Schattenarbeit verp\u00f6nt und eher kritisch betrachtet wird. Ich habe mich in verschiedenen spirituellen Kreisen, wo ich beide Perspektiven einnahm, bewegt. Manchmal f\u00fcrchtete ich mich, von meinen Schatteneskapaden zu berichten,\u2026","rel":"","context":"In &quot;Perspektive&quot;","block_context":{"text":"Perspektive","link":"https:\/\/moving-with-life.org\/en\/category\/blog\/perspektive\/"},"img":{"alt_text":"","src":"https:\/\/i0.wp.com\/moving-with-life.org\/wp-content\/uploads\/2024\/07\/photo_2025-04-24_14-52-06.jpg?fit=1200%2C1200&ssl=1&resize=350%2C200","width":350,"height":200,"srcset":"https:\/\/i0.wp.com\/moving-with-life.org\/wp-content\/uploads\/2024\/07\/photo_2025-04-24_14-52-06.jpg?fit=1200%2C1200&ssl=1&resize=350%2C200 1x, https:\/\/i0.wp.com\/moving-with-life.org\/wp-content\/uploads\/2024\/07\/photo_2025-04-24_14-52-06.jpg?fit=1200%2C1200&ssl=1&resize=525%2C300 1.5x, https:\/\/i0.wp.com\/moving-with-life.org\/wp-content\/uploads\/2024\/07\/photo_2025-04-24_14-52-06.jpg?fit=1200%2C1200&ssl=1&resize=700%2C400 2x, https:\/\/i0.wp.com\/moving-with-life.org\/wp-content\/uploads\/2024\/07\/photo_2025-04-24_14-52-06.jpg?fit=1200%2C1200&ssl=1&resize=1050%2C600 3x"},"classes":[]},{"id":1199,"url":"https:\/\/moving-with-life.org\/en\/2025\/06\/08\/warum-schattenarbeit\/","url_meta":{"origin":2219,"position":1},"title":"Warum Schattenarbeit?","author":"Sara Gnanzou","date":"8. June 2025","format":false,"excerpt":"Es ist ein interessantes Ph\u00e4nomen, dass f\u00fcr die meisten zun\u00e4chst die spirituelle Praxis oder Heilarbeit nur jenseits von der Welt m\u00f6glich ist. Die Welt scheint eine heimliche, niederdr\u00fcckende Kraft zu haben, der man sich nur schwer entziehen kann. Auf der einen Seite sind die n\u00e4hrenden oder ruhigen Momente, die dem\u2026","rel":"","context":"In &quot;Perspektive&quot;","block_context":{"text":"Perspektive","link":"https:\/\/moving-with-life.org\/en\/category\/blog\/perspektive\/"},"img":{"alt_text":"","src":"https:\/\/i0.wp.com\/moving-with-life.org\/wp-content\/uploads\/2025\/06\/photo_2025-06-08_20-05-29.jpg?fit=1200%2C1200&ssl=1&resize=350%2C200","width":350,"height":200,"srcset":"https:\/\/i0.wp.com\/moving-with-life.org\/wp-content\/uploads\/2025\/06\/photo_2025-06-08_20-05-29.jpg?fit=1200%2C1200&ssl=1&resize=350%2C200 1x, https:\/\/i0.wp.com\/moving-with-life.org\/wp-content\/uploads\/2025\/06\/photo_2025-06-08_20-05-29.jpg?fit=1200%2C1200&ssl=1&resize=525%2C300 1.5x, https:\/\/i0.wp.com\/moving-with-life.org\/wp-content\/uploads\/2025\/06\/photo_2025-06-08_20-05-29.jpg?fit=1200%2C1200&ssl=1&resize=700%2C400 2x, https:\/\/i0.wp.com\/moving-with-life.org\/wp-content\/uploads\/2025\/06\/photo_2025-06-08_20-05-29.jpg?fit=1200%2C1200&ssl=1&resize=1050%2C600 3x"},"classes":[]},{"id":2738,"url":"https:\/\/moving-with-life.org\/en\/2026\/02\/08\/ep-24-atmen-statt-spiritueller-burn-out\/","url_meta":{"origin":2219,"position":2},"title":"EP 24 Atmen statt spiritueller Burn Out","author":"Sara Gnanzou","date":"8. February 2026","format":false,"excerpt":"In dieser Reise wende ich mich den Erfahrungen zu, in denen wir kollabieren und unter Hoffnungslosigkeit nicht weiter wissen. Dabei erforsche ich den Unterschied zwischen Transformationsideen, die zum spirituellen Burn Out f\u00fchren, und die M\u00f6glichkeit achtungsvoller Lebensbegegnung. Wenn wir dieses Erfahrungsspektrum nicht in den Schatten dr\u00e4ngen und wieder Teil der\u2026","rel":"","context":"In &quot;Podcast&quot;","block_context":{"text":"Podcast","link":"https:\/\/moving-with-life.org\/en\/category\/podcast\/"},"img":{"alt_text":"","src":"https:\/\/i0.wp.com\/moving-with-life.org\/wp-content\/uploads\/2026\/02\/EP-24.jpg?fit=1024%2C1024&ssl=1&resize=350%2C200","width":350,"height":200,"srcset":"https:\/\/i0.wp.com\/moving-with-life.org\/wp-content\/uploads\/2026\/02\/EP-24.jpg?fit=1024%2C1024&ssl=1&resize=350%2C200 1x, https:\/\/i0.wp.com\/moving-with-life.org\/wp-content\/uploads\/2026\/02\/EP-24.jpg?fit=1024%2C1024&ssl=1&resize=525%2C300 1.5x, https:\/\/i0.wp.com\/moving-with-life.org\/wp-content\/uploads\/2026\/02\/EP-24.jpg?fit=1024%2C1024&ssl=1&resize=700%2C400 2x"},"classes":[]},{"id":2592,"url":"https:\/\/moving-with-life.org\/en\/2026\/01\/25\/ep-20-wie-der-glaube-die-bruecke-zwischen-ewigkeit-und-alltag-beeinflusst-teil-1\/","url_meta":{"origin":2219,"position":3},"title":"EP 20 Was die Br\u00fccke zwischen Ewigkeit und Alltag beeinflusst Teil 1","author":"Sara Gnanzou","date":"25. January 2026","format":false,"excerpt":"Im ersten Teil dieser zweiteiligen Reise erforsche ich, warum sich die Erfahrung von Ewigkeit mit seiner Freude, Liebe und Stille so schwer in das allt\u00e4gliche Leben integrieren l\u00e4sst. Dabei wird der Einfluss des tief ins kulturelle Fundament eingegrabenen Glaubenssatzes, der die Kraft der G\u00f6ttin und Liebe schw\u00e4cht, und seine Folgen\u2026","rel":"","context":"In &quot;Podcast&quot;","block_context":{"text":"Podcast","link":"https:\/\/moving-with-life.org\/en\/category\/podcast\/"},"img":{"alt_text":"","src":"https:\/\/i0.wp.com\/moving-with-life.org\/wp-content\/uploads\/2026\/01\/EP-20.jpeg?fit=768%2C768&ssl=1&resize=350%2C200","width":350,"height":200,"srcset":"https:\/\/i0.wp.com\/moving-with-life.org\/wp-content\/uploads\/2026\/01\/EP-20.jpeg?fit=768%2C768&ssl=1&resize=350%2C200 1x, https:\/\/i0.wp.com\/moving-with-life.org\/wp-content\/uploads\/2026\/01\/EP-20.jpeg?fit=768%2C768&ssl=1&resize=525%2C300 1.5x, https:\/\/i0.wp.com\/moving-with-life.org\/wp-content\/uploads\/2026\/01\/EP-20.jpeg?fit=768%2C768&ssl=1&resize=700%2C400 2x"},"classes":[]},{"id":3089,"url":"https:\/\/moving-with-life.org\/en\/2026\/04\/09\/ep-37-innere-abgruende-die-goettin-hilft-uns\/","url_meta":{"origin":2219,"position":4},"title":"EP 37 Innere Abgr\u00fcnde &#8211; die G\u00f6ttin hilft uns","author":"Sara Gnanzou","date":"9. April 2026","format":false,"excerpt":"In dieser Reise werde ich zu inneren Abgr\u00fcnden und den Ausweichstrategien gef\u00fchrt. Hier meldet sich die G\u00f6ttin und zeigt, dass Transformation mit ihr m\u00f6glich ist. Sie will f\u00fcr uns da sein - und braucht auch uns, um ihre Anwesenheit zu diesen gottlosen Orten zu bringen. Eine Episode f\u00fcr mehr Mut\u2026","rel":"","context":"In &quot;Podcast&quot;","block_context":{"text":"Podcast","link":"https:\/\/moving-with-life.org\/en\/category\/podcast\/"},"img":{"alt_text":"","src":"https:\/\/i0.wp.com\/moving-with-life.org\/wp-content\/uploads\/2026\/04\/EP-37.png?fit=1200%2C675&ssl=1&resize=350%2C200","width":350,"height":200,"srcset":"https:\/\/i0.wp.com\/moving-with-life.org\/wp-content\/uploads\/2026\/04\/EP-37.png?fit=1200%2C675&ssl=1&resize=350%2C200 1x, https:\/\/i0.wp.com\/moving-with-life.org\/wp-content\/uploads\/2026\/04\/EP-37.png?fit=1200%2C675&ssl=1&resize=525%2C300 1.5x, https:\/\/i0.wp.com\/moving-with-life.org\/wp-content\/uploads\/2026\/04\/EP-37.png?fit=1200%2C675&ssl=1&resize=700%2C400 2x, https:\/\/i0.wp.com\/moving-with-life.org\/wp-content\/uploads\/2026\/04\/EP-37.png?fit=1200%2C675&ssl=1&resize=1050%2C600 3x"},"classes":[]},{"id":1610,"url":"https:\/\/moving-with-life.org\/en\/2025\/07\/25\/gabe-der-gute\/","url_meta":{"origin":2219,"position":5},"title":"Gabe der G\u00fcte","author":"Sara Gnanzou","date":"25. July 2025","format":false,"excerpt":"dein Schattenist meine Gabe an die G\u00f6ttindein Widerstandmein Gebet in den Windheute kannkein scharfes Wort mich verleitenzu werdendes Lebens abtr\u00fcnniges Kindgeborenum den Weg zu gehenbei Sturm und in der Nachtbrauch' ich den Schwurder Zweifler nichtund bleibe treuin anbetrachtl\u00e4ngst vergessener Weltenkein Wunschverl\u00e4sst mehr klagend meine Lippenkein Traumist meiner Handlungskraft ein Sternwo\u2026","rel":"","context":"In &quot;Hingabe&quot;","block_context":{"text":"Hingabe","link":"https:\/\/moving-with-life.org\/en\/category\/blog\/hingabe\/"},"img":{"alt_text":"","src":"https:\/\/i0.wp.com\/moving-with-life.org\/wp-content\/uploads\/2025\/07\/image-3.jpeg?fit=1024%2C576&ssl=1&resize=350%2C200","width":350,"height":200,"srcset":"https:\/\/i0.wp.com\/moving-with-life.org\/wp-content\/uploads\/2025\/07\/image-3.jpeg?fit=1024%2C576&ssl=1&resize=350%2C200 1x, https:\/\/i0.wp.com\/moving-with-life.org\/wp-content\/uploads\/2025\/07\/image-3.jpeg?fit=1024%2C576&ssl=1&resize=525%2C300 1.5x, https:\/\/i0.wp.com\/moving-with-life.org\/wp-content\/uploads\/2025\/07\/image-3.jpeg?fit=1024%2C576&ssl=1&resize=700%2C400 2x"},"classes":[]}],"_links":{"self":[{"href":"https:\/\/moving-with-life.org\/en\/wp-json\/wp\/v2\/posts\/2219","targetHints":{"allow":["GET"]}}],"collection":[{"href":"https:\/\/moving-with-life.org\/en\/wp-json\/wp\/v2\/posts"}],"about":[{"href":"https:\/\/moving-with-life.org\/en\/wp-json\/wp\/v2\/types\/post"}],"author":[{"embeddable":true,"href":"https:\/\/moving-with-life.org\/en\/wp-json\/wp\/v2\/users\/244310740"}],"replies":[{"embeddable":true,"href":"https:\/\/moving-with-life.org\/en\/wp-json\/wp\/v2\/comments?post=2219"}],"version-history":[{"count":4,"href":"https:\/\/moving-with-life.org\/en\/wp-json\/wp\/v2\/posts\/2219\/revisions"}],"predecessor-version":[{"id":2641,"href":"https:\/\/moving-with-life.org\/en\/wp-json\/wp\/v2\/posts\/2219\/revisions\/2641"}],"wp:featuredmedia":[{"embeddable":true,"href":"https:\/\/moving-with-life.org\/en\/wp-json\/wp\/v2\/media\/2224"}],"wp:attachment":[{"href":"https:\/\/moving-with-life.org\/en\/wp-json\/wp\/v2\/media?parent=2219"}],"wp:term":[{"taxonomy":"category","embeddable":true,"href":"https:\/\/moving-with-life.org\/en\/wp-json\/wp\/v2\/categories?post=2219"},{"taxonomy":"post_tag","embeddable":true,"href":"https:\/\/moving-with-life.org\/en\/wp-json\/wp\/v2\/tags?post=2219"}],"curies":[{"name":"wp","href":"https:\/\/api.w.org\/{rel}","templated":true}]}}