{"id":2046,"date":"2025-11-17T21:18:28","date_gmt":"2025-11-17T20:18:28","guid":{"rendered":"https:\/\/moving-with-life.org\/?p=2046"},"modified":"2026-01-29T09:49:35","modified_gmt":"2026-01-29T08:49:35","slug":"lass-mich-durch-das-moor-gehen","status":"publish","type":"post","link":"https:\/\/moving-with-life.org\/en\/2025\/11\/17\/lass-mich-durch-das-moor-gehen\/","title":{"rendered":"Lass mich durch das Moor gehen"},"content":{"rendered":"<pre class=\"wp-block-verse\"><br>Lass mich durch das Moor gehen<br>und die Hoffnung verlieren<br>bevor die Sonne untergeht,<br>damit bei Nacht<br>die Sch\u00f6nheit der Sterne<br>nicht spurlos an mir vor\u00fcberzieht<br><br>Du Unsichtbarer<br>Du allpr\u00e4sente Traumt\u00e4nzerin<br>lass mich mit dir ringen<br>und mit dir sprechen<br>als w\u00e4re alles heilig in mir<br>und alles wert von deinem all durchdringenden Blick<br>bedeckt zu werden<br><br>Lass mich ganz echt und pur sein<br>immer mit Blick auf deine gro\u00dfe Hand<br>lass mich ganz Mensch<br>und ganz ewige Seele sein<br>und darin vibrieren und tosen und lachen<br>nur um mich zitternd und schwankend <br>an deine Pr\u00e4senz zu erinnern<br><br>Ja, lass mich ganz leben<br>und in diesem Leben <br>von dir ganz gelebt werden,<br>belebt werden<br>und immer und immer wieder<br>Ewigkeit sein -<br>ohne das je eine Form verkannt werden muss<\/pre>\n\n\n\n<div style=\"height:30px\" aria-hidden=\"true\" class=\"wp-block-spacer\"><\/div>\n\n\n\n<p class=\"wp-block-paragraph\"><em>Bist du bewegt? Dann hinterlasse ein Kommentar oder Like und abonniere den Newsletter f\u00fcr kostenfreie Events mit gemeinsamer heilsamer Lebensforschung!<\/em><\/p>","protected":false},"excerpt":{"rendered":"<p>Lass mich durch das Moor gehenund die Hoffnung verlierenbevor die Sonne untergeht,damit bei Nachtdie Sch\u00f6nheit der Sternenicht spurlos an mir vor\u00fcberziehtDu UnsichtbarerDu allpr\u00e4sente Traumt\u00e4nzerinlass mich mit dir ringenund mit dir sprechenals w\u00e4re alles heilig in mirund alles wert von deinem all durchdringenden Blickbedeckt zu werdenLass mich ganz echt und pur seinimmer mit Blick auf deine [&hellip;]<\/p>\n","protected":false},"author":244310740,"featured_media":2049,"comment_status":"open","ping_status":"open","sticky":false,"template":"","format":"standard","meta":{"_crdt_document":"","advanced_seo_description":"","jetpack_seo_html_title":"","jetpack_seo_noindex":false,"_jetpack_newsletter_access":"","_jetpack_dont_email_post_to_subs":false,"_jetpack_newsletter_tier_id":0,"_jetpack_memberships_contains_paywalled_content":false,"_jetpack_memberships_contains_paid_content":false,"footnotes":"","jetpack_publicize_message":"","jetpack_publicize_feature_enabled":true,"jetpack_social_post_already_shared":false,"jetpack_social_options":{"image_generator_settings":{"template":"highway","default_image_id":0,"font":"","enabled":false},"version":2},"jetpack_post_was_ever_published":false},"categories":[13826],"tags":[785457008,130758,63180,703205,199311679,4829377,229772,22965194,162889520,13390998,136161,3967411],"class_list":["post-2046","post","type-post","status-publish","format-standard","has-post-thumbnail","hentry","category-hingabe","tag-beziehung-mit-leben","tag-embodiment","tag-gott","tag-innenwelt","tag-innere-weg","tag-lebendigkeit","tag-mystik","tag-non-dualitat","tag-prozessarbeit","tag-selbsterforschung","tag-selbsterkenntnis","tag-selbstliebe"],"jetpack_publicize_connections":[],"jetpack_featured_media_url":"https:\/\/i0.wp.com\/moving-with-life.org\/wp-content\/uploads\/2025\/11\/ich-ging-durch-das-moor-1.jpeg?fit=1024%2C576&ssl=1","jetpack_likes_enabled":true,"jetpack_sharing_enabled":true,"jetpack_shortlink":"https:\/\/wp.me\/pfnWhv-x0","jetpack-related-posts":[{"id":1049,"url":"https:\/\/moving-with-life.org\/en\/2025\/05\/23\/schopfungstanz-wie-die-gottin-kreiert\/","url_meta":{"origin":2046,"position":0},"title":"Sch\u00f6pfungstanz &#8211; wie die G\u00f6ttin kreiert","author":"Sara Gnanzou","date":"23. May 2025","format":false,"excerpt":"Einer meiner zentralen Forschungsfragen hei\u00dft \u201cWie k\u00f6nnen wir wirklich leben?\u201d. Es ist eine Frage, die aus den Tiefen meines Seins hochquellt, sich mir unweigerlich aufdr\u00e4ngt und nach Beantwortung ruft. Zuerst dachte ich, es gibt diese eine Antwort darauf und wenn ich sie finde, habe ich es geschafft. Dann w\u00fcrde Ruhe\u2026","rel":"","context":"In &quot;Perspektive&quot;","block_context":{"text":"Perspektive","link":"https:\/\/moving-with-life.org\/en\/category\/blog\/perspektive\/"},"img":{"alt_text":"","src":"https:\/\/i0.wp.com\/moving-with-life.org\/wp-content\/uploads\/2025\/05\/photo_2025-05-23_13-25-29.jpg?fit=1200%2C1200&ssl=1&resize=350%2C200","width":350,"height":200,"srcset":"https:\/\/i0.wp.com\/moving-with-life.org\/wp-content\/uploads\/2025\/05\/photo_2025-05-23_13-25-29.jpg?fit=1200%2C1200&ssl=1&resize=350%2C200 1x, https:\/\/i0.wp.com\/moving-with-life.org\/wp-content\/uploads\/2025\/05\/photo_2025-05-23_13-25-29.jpg?fit=1200%2C1200&ssl=1&resize=525%2C300 1.5x, https:\/\/i0.wp.com\/moving-with-life.org\/wp-content\/uploads\/2025\/05\/photo_2025-05-23_13-25-29.jpg?fit=1200%2C1200&ssl=1&resize=700%2C400 2x, https:\/\/i0.wp.com\/moving-with-life.org\/wp-content\/uploads\/2025\/05\/photo_2025-05-23_13-25-29.jpg?fit=1200%2C1200&ssl=1&resize=1050%2C600 3x"},"classes":[]},{"id":706,"url":"https:\/\/moving-with-life.org\/en\/2025\/04\/15\/angst-als-tor-zum-leben\/","url_meta":{"origin":2046,"position":1},"title":"Angst als Tor zum Leben","author":"Sara Gnanzou","date":"15. April 2025","format":false,"excerpt":"Leben \u2013 im Fluss des Lebens baden und sich in tiefer Freude und Verbundenheit mit der Sch\u00f6pfung bewegen. Ganz in der Gewissheit sein, die eigene Rolle im kosmischen Theater zu kennen. Man kann es in vielen Worten umschreiben \u2013 man selbst sein, frei sein, sich entwickeln. Es ist diese Ahnung,\u2026","rel":"","context":"In &quot;Perspektive&quot;","block_context":{"text":"Perspektive","link":"https:\/\/moving-with-life.org\/en\/category\/blog\/perspektive\/"},"img":{"alt_text":"","src":"https:\/\/i0.wp.com\/moving-with-life.org\/wp-content\/uploads\/2025\/04\/photo_2025-04-24_14-52-12.jpg?fit=1198%2C1200&ssl=1&resize=350%2C200","width":350,"height":200,"srcset":"https:\/\/i0.wp.com\/moving-with-life.org\/wp-content\/uploads\/2025\/04\/photo_2025-04-24_14-52-12.jpg?fit=1198%2C1200&ssl=1&resize=350%2C200 1x, https:\/\/i0.wp.com\/moving-with-life.org\/wp-content\/uploads\/2025\/04\/photo_2025-04-24_14-52-12.jpg?fit=1198%2C1200&ssl=1&resize=525%2C300 1.5x, https:\/\/i0.wp.com\/moving-with-life.org\/wp-content\/uploads\/2025\/04\/photo_2025-04-24_14-52-12.jpg?fit=1198%2C1200&ssl=1&resize=700%2C400 2x, https:\/\/i0.wp.com\/moving-with-life.org\/wp-content\/uploads\/2025\/04\/photo_2025-04-24_14-52-12.jpg?fit=1198%2C1200&ssl=1&resize=1050%2C600 3x"},"classes":[]},{"id":1269,"url":"https:\/\/moving-with-life.org\/en\/2025\/06\/19\/der-groste-selbstheilungshack\/","url_meta":{"origin":2046,"position":2},"title":"Der gr\u00f6\u00dfte Selbstheilungshack","author":"Sara Gnanzou","date":"19. June 2025","format":false,"excerpt":"Lebe! Lebe bedingungslos, lebe verk\u00f6rpert, lebe ganz und real und pur! Sag ja zu der Lebensenergie in Dir!\u00a0Halte sie nicht fest, wehre sie nicht ab. Lebe jeden Moment, wie er in dir gegeben ist. Lebe! Damit w\u00e4re alles gesagt. Das ist alles, was Selbstheilung in der Essenz bedarf \u2013 radikale,\u2026","rel":"","context":"In &quot;Perspektive&quot;","block_context":{"text":"Perspektive","link":"https:\/\/moving-with-life.org\/en\/category\/blog\/perspektive\/"},"img":{"alt_text":"","src":"https:\/\/i0.wp.com\/moving-with-life.org\/wp-content\/uploads\/2025\/06\/photo_2025-06-19_20-16-22.jpg?fit=1200%2C1200&ssl=1&resize=350%2C200","width":350,"height":200,"srcset":"https:\/\/i0.wp.com\/moving-with-life.org\/wp-content\/uploads\/2025\/06\/photo_2025-06-19_20-16-22.jpg?fit=1200%2C1200&ssl=1&resize=350%2C200 1x, https:\/\/i0.wp.com\/moving-with-life.org\/wp-content\/uploads\/2025\/06\/photo_2025-06-19_20-16-22.jpg?fit=1200%2C1200&ssl=1&resize=525%2C300 1.5x, https:\/\/i0.wp.com\/moving-with-life.org\/wp-content\/uploads\/2025\/06\/photo_2025-06-19_20-16-22.jpg?fit=1200%2C1200&ssl=1&resize=700%2C400 2x, https:\/\/i0.wp.com\/moving-with-life.org\/wp-content\/uploads\/2025\/06\/photo_2025-06-19_20-16-22.jpg?fit=1200%2C1200&ssl=1&resize=1050%2C600 3x"},"classes":[]},{"id":185,"url":"https:\/\/moving-with-life.org\/en\/2023\/12\/31\/auf-dem-weg-und-doch-nicht-komme-ich-voran\/","url_meta":{"origin":2046,"position":3},"title":"Auf dem Weg und doch nicht: Komme ich voran?","author":"Sara Gnanzou","date":"31. December 2023","format":false,"excerpt":"Unsere Vorstellung \u00fcber das Leben, die das Interesse an dem spirituellen Weg hervorlockten, werden auf gerade diesem Weg unweigerlich gecrasht. Es kommt der Punkt, an dem klar wird, dass die Hoffnung auf das bessere manifestierte Leben mit Traumjob, Traumbeziehung und Traumwohnort nicht eintreten wird. Alle Meditationen und positives Denken haben\u2026","rel":"","context":"In &quot;Perspektive&quot;","block_context":{"text":"Perspektive","link":"https:\/\/moving-with-life.org\/en\/category\/blog\/perspektive\/"},"img":{"alt_text":"","src":"https:\/\/i0.wp.com\/moving-with-life.org\/wp-content\/uploads\/2023\/12\/photo_2025-04-07_16-14-19.jpg?fit=1200%2C1200&ssl=1&resize=350%2C200","width":350,"height":200,"srcset":"https:\/\/i0.wp.com\/moving-with-life.org\/wp-content\/uploads\/2023\/12\/photo_2025-04-07_16-14-19.jpg?fit=1200%2C1200&ssl=1&resize=350%2C200 1x, https:\/\/i0.wp.com\/moving-with-life.org\/wp-content\/uploads\/2023\/12\/photo_2025-04-07_16-14-19.jpg?fit=1200%2C1200&ssl=1&resize=525%2C300 1.5x, https:\/\/i0.wp.com\/moving-with-life.org\/wp-content\/uploads\/2023\/12\/photo_2025-04-07_16-14-19.jpg?fit=1200%2C1200&ssl=1&resize=700%2C400 2x, https:\/\/i0.wp.com\/moving-with-life.org\/wp-content\/uploads\/2023\/12\/photo_2025-04-07_16-14-19.jpg?fit=1200%2C1200&ssl=1&resize=1050%2C600 3x"},"classes":[]},{"id":928,"url":"https:\/\/moving-with-life.org\/en\/2025\/05\/03\/mayamedizin-von-strategie-zu-beziehung\/","url_meta":{"origin":2046,"position":4},"title":"medizin f\u00fcr die verschleiernde Maya \u2013 von Strategie zu Beziehung\u00a0","author":"Sara Gnanzou","date":"3. May 2025","format":false,"excerpt":"Ich liege am Boden, in Shavasana, der Abschlussentspannungsposition beim Asana Yoga. Sie hei\u00dft auch die Leichenpose und der Name passt sehr gut. Mein ganzes Wesen f\u00fchle ich von Schmerzen durchzogen, innerlich dem Tode schrecklich nah. Hier und da Anspannungen, um den Schmerz fernzuhalten. Mein Geist ist aktiv. Was tun?\u00a0 Schon\u2026","rel":"","context":"In &quot;Perspektive&quot;","block_context":{"text":"Perspektive","link":"https:\/\/moving-with-life.org\/en\/category\/blog\/perspektive\/"},"img":{"alt_text":"","src":"https:\/\/i0.wp.com\/moving-with-life.org\/wp-content\/uploads\/2025\/05\/photo_2025-05-03_14-09-57.jpg?fit=1200%2C1200&ssl=1&resize=350%2C200","width":350,"height":200,"srcset":"https:\/\/i0.wp.com\/moving-with-life.org\/wp-content\/uploads\/2025\/05\/photo_2025-05-03_14-09-57.jpg?fit=1200%2C1200&ssl=1&resize=350%2C200 1x, https:\/\/i0.wp.com\/moving-with-life.org\/wp-content\/uploads\/2025\/05\/photo_2025-05-03_14-09-57.jpg?fit=1200%2C1200&ssl=1&resize=525%2C300 1.5x, https:\/\/i0.wp.com\/moving-with-life.org\/wp-content\/uploads\/2025\/05\/photo_2025-05-03_14-09-57.jpg?fit=1200%2C1200&ssl=1&resize=700%2C400 2x, https:\/\/i0.wp.com\/moving-with-life.org\/wp-content\/uploads\/2025\/05\/photo_2025-05-03_14-09-57.jpg?fit=1200%2C1200&ssl=1&resize=1050%2C600 3x"},"classes":[]},{"id":2199,"url":"https:\/\/moving-with-life.org\/en\/2025\/12\/08\/sich-das-eigene-leben-zeigen-lassen\/","url_meta":{"origin":2046,"position":5},"title":"Sich das eigene Leben zeigen lassen","author":"Sara Gnanzou","date":"8. December 2025","format":false,"excerpt":"\u201eDas Erwachen zum Leben ist die Hingabe an eine Biographie, wie sie die G\u00f6ttin sch\u00f6pft.\u201c Die Idee eines selbstgemachten Lebens Ich atme seufzend ein und aus. Die kulturelle Idee eines selbstgemachten, erfolgreichen Lebens klebt z\u00e4h wie ein Kaugummi an unseren spirituellen Wanderschuhen. Es scheint, als ginge es darum die eigene\u2026","rel":"","context":"In &quot;Perspektive&quot;","block_context":{"text":"Perspektive","link":"https:\/\/moving-with-life.org\/en\/category\/blog\/perspektive\/"},"img":{"alt_text":"","src":"https:\/\/i0.wp.com\/moving-with-life.org\/wp-content\/uploads\/2025\/12\/sich-die-biographie-zeigen-lassen.jpeg?fit=1024%2C576&ssl=1&resize=350%2C200","width":350,"height":200,"srcset":"https:\/\/i0.wp.com\/moving-with-life.org\/wp-content\/uploads\/2025\/12\/sich-die-biographie-zeigen-lassen.jpeg?fit=1024%2C576&ssl=1&resize=350%2C200 1x, https:\/\/i0.wp.com\/moving-with-life.org\/wp-content\/uploads\/2025\/12\/sich-die-biographie-zeigen-lassen.jpeg?fit=1024%2C576&ssl=1&resize=525%2C300 1.5x, https:\/\/i0.wp.com\/moving-with-life.org\/wp-content\/uploads\/2025\/12\/sich-die-biographie-zeigen-lassen.jpeg?fit=1024%2C576&ssl=1&resize=700%2C400 2x"},"classes":[]}],"_links":{"self":[{"href":"https:\/\/moving-with-life.org\/en\/wp-json\/wp\/v2\/posts\/2046","targetHints":{"allow":["GET"]}}],"collection":[{"href":"https:\/\/moving-with-life.org\/en\/wp-json\/wp\/v2\/posts"}],"about":[{"href":"https:\/\/moving-with-life.org\/en\/wp-json\/wp\/v2\/types\/post"}],"author":[{"embeddable":true,"href":"https:\/\/moving-with-life.org\/en\/wp-json\/wp\/v2\/users\/244310740"}],"replies":[{"embeddable":true,"href":"https:\/\/moving-with-life.org\/en\/wp-json\/wp\/v2\/comments?post=2046"}],"version-history":[{"count":4,"href":"https:\/\/moving-with-life.org\/en\/wp-json\/wp\/v2\/posts\/2046\/revisions"}],"predecessor-version":[{"id":2650,"href":"https:\/\/moving-with-life.org\/en\/wp-json\/wp\/v2\/posts\/2046\/revisions\/2650"}],"wp:featuredmedia":[{"embeddable":true,"href":"https:\/\/moving-with-life.org\/en\/wp-json\/wp\/v2\/media\/2049"}],"wp:attachment":[{"href":"https:\/\/moving-with-life.org\/en\/wp-json\/wp\/v2\/media?parent=2046"}],"wp:term":[{"taxonomy":"category","embeddable":true,"href":"https:\/\/moving-with-life.org\/en\/wp-json\/wp\/v2\/categories?post=2046"},{"taxonomy":"post_tag","embeddable":true,"href":"https:\/\/moving-with-life.org\/en\/wp-json\/wp\/v2\/tags?post=2046"}],"curies":[{"name":"wp","href":"https:\/\/api.w.org\/{rel}","templated":true}]}}