{"id":1698,"date":"2025-08-18T12:50:41","date_gmt":"2025-08-18T10:50:41","guid":{"rendered":"https:\/\/tiefbewegt.blog\/?p=1698"},"modified":"2026-01-29T10:03:08","modified_gmt":"2026-01-29T09:03:08","slug":"einsicht-entwicklung-und-prozess-wie-spirituelle-praxis-das-leben-unterstutzt","status":"publish","type":"post","link":"https:\/\/moving-with-life.org\/en\/2025\/08\/18\/einsicht-entwicklung-und-prozess-wie-spirituelle-praxis-das-leben-unterstutzt\/","title":{"rendered":"Einsicht, Entwicklung und Prozess &#8211; wie spirituelle Praxis das Leben unterst\u00fctzt\u00a0"},"content":{"rendered":"<p class=\"has-albert-sans-font-family wp-block-paragraph\" style=\"font-size:clamp(0.875rem, 0.875rem + ((1vw - 0.2rem) * 0.042), 0.9rem);\"><strong><em>Leben haben wollen, doch den Prozess vermeiden<\/em>&nbsp;<\/strong><\/p>\n\n\n\n<p class=\"has-albert-sans-font-family wp-block-paragraph\" style=\"font-size:clamp(0.875rem, 0.875rem + ((1vw - 0.2rem) * 0.042), 0.9rem);\">Viele wollen das Leben, doch wenige sind bereit f\u00fcr den\u00a0Entwicklungsprozess.\u00a0Es ist so verf\u00fchrerisch leichte Abk\u00fcrzungen zu w\u00e4hlen, um Leben ohne inneren Wandlungsprozess zu erleben. Drogen geben die schnelle \u00d6ffnung zur Ekstase.\u00a0Sex und Extremsportarten erinnern an den Rausch der Energie.\u00a0Die Energie\u00fcbertragung eines Meisters\u00a0oder das abgestimmte Seminar\u00a0schlie\u00dft\u00a0die T\u00fcr zur Gl\u00fcckseligkeit\u00a0leicht auf. Es scheint, als m\u00fcssen\u00a0wir\u00a0nur die richtigen Aktivit\u00e4ten, Menschen und Momente abpassen\u00a0\u2013 und die Magie des Lebens wird\u00a0uns\u00a0zuteil.\u00a0Eine Verf\u00fchrung mit Folgen.\u00a0<\/p>\n\n\n\n<p class=\"has-albert-sans-font-family wp-block-paragraph\" style=\"font-size:clamp(0.875rem, 0.875rem + ((1vw - 0.2rem) * 0.042), 0.9rem);\">Jede \u00e4u\u00dfere Suche\u00a0nach Erfahrungen und Menschen\u00a0als\u00a0Quelle der Lebendigkeit\u00a0ist\u00a0im Prinzip\u00a0wie eine Droge,\u00a0auf deren High ein tiefes Low folgt. F\u00fcr Momente \u00f6ffnet sich\u00a0vielleicht\u00a0der Himmel wunderbarer Erfahrungen, doch im n\u00e4chsten Moment\u00a0prallen wir auf den Boden\u00a0des\u00a0Alltags.\u00a0Eine schmerzhafte Spanne zwischen Wunschzustand und\u00a0herausfordernden Lebenssituationen\u00a0entsteht.\u00a0Die Suche nach\u00a0perfekten Zust\u00e4nden\u00a0wird\u00a0schnell\u00a0zu einer Flucht\u00a0vor\u00a0unangenehmen\u00a0Realit\u00e4ten, die sich\u00a0durch\u00a0Konflikte\u00a0und Krisen ihren Weg zur\u00fcck ins Wachbewusstsein dr\u00e4ngen.<\/p>\n\n\n\n<p class=\"has-albert-sans-font-family wp-block-paragraph\" style=\"font-size:clamp(0.875rem, 0.875rem + ((1vw - 0.2rem) * 0.042), 0.9rem);\"><strong><em>Von Egobefriedigung zum Entwicklungsprozess<\/em>&nbsp;<\/strong><\/p>\n\n\n\n<p class=\"has-albert-sans-font-family wp-block-paragraph\" style=\"font-size:clamp(0.875rem, 0.875rem + ((1vw - 0.2rem) * 0.042), 0.9rem);\">Wenn Lebendigkeit ohne&nbsp;inneren Entwicklungsprozess&nbsp;gesucht wird, verkommt die&nbsp;Spiritualit\u00e4t&nbsp;zu einer&nbsp;Egobefriedigung.&nbsp;Das eigentliche Potential spiritueller Praxis wird verkannt und versickert in Traumvorstellungen \u00fcber eine&nbsp;Heilewelt&nbsp;ohne Schwierigkeiten.&nbsp;Die Kraft wird erweckt, doch dann missbraucht f\u00fcr Ziele fernab des authentisches&nbsp;Selbstes.&nbsp;&nbsp;<\/p>\n\n\n\n<p class=\"has-albert-sans-font-family wp-block-paragraph\" style=\"font-size:clamp(0.875rem, 0.875rem + ((1vw - 0.2rem) * 0.042), 0.9rem);\">In den gro\u00dfartigen Momenten toller Gef\u00fchle entsteht keine tiefgreifende Einsicht&nbsp;in&nbsp;die Zusammenh\u00e4nge der Sch\u00f6pfung&nbsp;und das wahre Wesen des Lebens.&nbsp;<\/p>\n\n\n\n<p class=\"has-albert-sans-font-family wp-block-paragraph\" style=\"font-size:clamp(0.875rem, 0.875rem + ((1vw - 0.2rem) * 0.042), 0.9rem);\">Eine spirituelle Praxis lenkt die Aufmerksamkeit von&nbsp;der&nbsp;Egobefriedigung zu einer nachhaltigen Einsicht&nbsp;in&nbsp;das Leben. Statt&nbsp;die Erreichung toller Umst\u00e4nde, die nur angenehme Erfahrungen geben, baut sie innere F\u00e4higkeiten&nbsp;und&nbsp;Erkenntnisse auf, die eine&nbsp;weise&nbsp;Begegnung mit dem Leben in allen Umst\u00e4nden&nbsp;erlaubt.&nbsp;<\/p>\n\n\n\n<p class=\"has-albert-sans-font-family wp-block-paragraph\" style=\"font-size:clamp(0.875rem, 0.875rem + ((1vw - 0.2rem) * 0.042), 0.9rem);\">Mit der Verfolgung einer spirituellen Praxis er\u00f6ffnet sich der Weg zu einem\u00a0nachhaltigen Entwicklungsprozess, der\u00a0durch\u00a0wachsende\u00a0Selbsterm\u00e4chtigung und\u00a0bedingungslose Lebensliebe gepr\u00e4gt ist.\u00a0<\/p>\n\n\n\n<p class=\"has-albert-sans-font-family wp-block-paragraph\" style=\"font-size:clamp(0.875rem, 0.875rem + ((1vw - 0.2rem) * 0.042), 0.9rem);\"><strong><em>Das gr\u00f6\u00dfere Gl\u00fcck: Pr\u00e4senz in allen Umst\u00e4nden<\/em>&nbsp;<\/strong><\/p>\n\n\n\n<p class=\"has-albert-sans-font-family wp-block-paragraph\" style=\"font-size:clamp(0.875rem, 0.875rem + ((1vw - 0.2rem) * 0.042), 0.9rem);\">Der innere Prozess ist eine ganzheitliche Betrachtung der Innenwelt, eine&nbsp;erl\u00f6sende&nbsp;Begegnung mit Lebensenergie,&nbsp;eine Reinigung durch Unterscheidung von Wahrheit und Unwahrheit.&nbsp;&nbsp;<\/p>\n\n\n\n<p class=\"has-albert-sans-font-family wp-block-paragraph\" style=\"font-size:clamp(0.875rem, 0.875rem + ((1vw - 0.2rem) * 0.042), 0.9rem);\">Entwicklung geschieht, indem das Leben wieder innerlich erkannt und bejaht wird. Zu der Lebenserkenntnis f\u00fchren authentische spirituelle Praktiken, weil sie&nbsp;Bewusstsein in die Innenwelt str\u00f6men wie Licht ins Dunkle. Unter Sichtbarkeit der Innenwelt kann&nbsp;die innere Lebenslandschaft entdeckt, Br\u00fccken&nbsp;gebaut&nbsp;und&nbsp;alte&nbsp;Tr\u00fcmmer der&nbsp;verehrenden&nbsp;Lebenskriege&nbsp;beseitigt werden.&nbsp;&nbsp;<\/p>\n\n\n\n<p class=\"has-albert-sans-font-family wp-block-paragraph\" style=\"font-size:clamp(0.875rem, 0.875rem + ((1vw - 0.2rem) * 0.042), 0.9rem);\">Im Prozess werden wir schrittweise mit dem Leben, das wir sind, wieder intim. Eine R\u00fcckverbindung mit dem Sein findet statt.&nbsp;Ein nachhaltiges Fundament f\u00fcr verk\u00f6rperte Einsicht entsteht.&nbsp;Nun k\u00f6nnen Erfahrungen von einer erweiterten Bewusstseinsperspektive gemacht werden \u2013 und das bedeutet das&nbsp;langfristig n\u00e4hrende&nbsp;Gl\u00fcck&nbsp;ohne einseitige&nbsp;Positivit\u00e4tssuche.&nbsp;<\/p>\n\n\n\n<p class=\"has-albert-sans-font-family wp-block-paragraph\" style=\"font-size:clamp(0.875rem, 0.875rem + ((1vw - 0.2rem) * 0.042), 0.9rem);\">Die Angst vor dem Leben, als etwas, vor dem wir fliehen m\u00fcssen, wandelt sich in eine&nbsp;Lebensf\u00e4higkeit, die Lebenserfahrungen mit&nbsp;sich entwickelnder&nbsp;Pr\u00e4senz begegnen kann.&nbsp;<\/p>\n\n\n\n<p class=\"has-albert-sans-font-family wp-block-paragraph\" style=\"font-size:clamp(0.875rem, 0.875rem + ((1vw - 0.2rem) * 0.042), 0.9rem);\">Das ist das Geschenk spiritueller Praxis. Das ist das Potential von Spiritualit\u00e4t. Die Freiheit zu sein, unabh\u00e4ngig von den Umst\u00e4nden.\u00a0<\/p>\n\n\n\n<p class=\"has-albert-sans-font-family wp-block-paragraph\" style=\"font-size:clamp(0.875rem, 0.875rem + ((1vw - 0.2rem) * 0.042), 0.9rem);\"><strong><em>Praxis als Unterst\u00fctzung f\u00fcr ein sich entwickelndes Leben<\/em>&nbsp;<\/strong><\/p>\n\n\n\n<p class=\"has-albert-sans-font-family wp-block-paragraph\" style=\"font-size:clamp(0.875rem, 0.875rem + ((1vw - 0.2rem) * 0.042), 0.9rem);\">Die spirituelle Praxis dient also nicht einem guten Gef\u00fchl, sondern unterst\u00fctzt die Entwicklung&nbsp;von Beziehung&nbsp;zum&nbsp;Leben,&nbsp;von Einsicht in die Zusammenh\u00e4nge des eigenen Wesens.&nbsp;&nbsp;<\/p>\n\n\n\n<p class=\"has-albert-sans-font-family wp-block-paragraph\" style=\"font-size:clamp(0.875rem, 0.875rem + ((1vw - 0.2rem) * 0.042), 0.9rem);\">Eine nachhaltige Praxis begleitet und n\u00e4hrt ein Leben, was sich entwickeln und erkannt werden will.&nbsp;Eine spirituelle Praxis ist das Holz, was das Feuer des Lebens unterst\u00fctzt.&nbsp;<\/p>\n\n\n\n<p class=\"has-albert-sans-font-family wp-block-paragraph\" style=\"font-size:clamp(0.875rem, 0.875rem + ((1vw - 0.2rem) * 0.042), 0.9rem);\">Ein Ja zum&nbsp;Entwicklungsprozess&nbsp;mit allen Hindernissen, Herausforderungen und Umwegen&nbsp;ist das&nbsp;Ja zur&nbsp;Lebensreise&nbsp;selbst.&nbsp;Eine Reise in die Einsicht in die Wahrheit des Seins.&nbsp;Ein wahrlich gelebtes Leben ist immer ein sich stetig entwickelndes Leben&nbsp;im Prozess.&nbsp;&nbsp;<\/p>\n\n\n\n<div style=\"height:30px\" aria-hidden=\"true\" class=\"wp-block-spacer\"><\/div>\n\n\n\n<p class=\"wp-block-paragraph\"><em>Bist du bewegt? Dann hinterlasse ein Kommentar oder Like und abonniere den Newsletter f\u00fcr kostenfreie Events mit gemeinsamer heilsamer Lebensforschung!<\/em><\/p>","protected":false},"excerpt":{"rendered":"<p>Leben haben wollen, doch den Prozess vermeiden&nbsp; Viele wollen das Leben, doch wenige sind bereit f\u00fcr den\u00a0Entwicklungsprozess.\u00a0Es ist so verf\u00fchrerisch leichte Abk\u00fcrzungen zu w\u00e4hlen, um Leben ohne inneren Wandlungsprozess zu erleben. Drogen geben die schnelle \u00d6ffnung zur Ekstase.\u00a0Sex und Extremsportarten erinnern an den Rausch der Energie.\u00a0Die Energie\u00fcbertragung eines Meisters\u00a0oder das abgestimmte Seminar\u00a0schlie\u00dft\u00a0die T\u00fcr zur Gl\u00fcckseligkeit\u00a0leicht [&hellip;]<\/p>\n","protected":false},"author":244310740,"featured_media":2149,"comment_status":"open","ping_status":"open","sticky":false,"template":"","format":"standard","meta":{"_crdt_document":"","advanced_seo_description":"","jetpack_seo_html_title":"","jetpack_seo_noindex":false,"_jetpack_newsletter_access":"","_jetpack_dont_email_post_to_subs":false,"_jetpack_newsletter_tier_id":0,"_jetpack_memberships_contains_paywalled_content":false,"_jetpack_memberships_contains_paid_content":false,"footnotes":"","jetpack_publicize_message":"","jetpack_publicize_feature_enabled":true,"jetpack_social_post_already_shared":false,"jetpack_social_options":{"image_generator_settings":{"template":"highway","default_image_id":0,"font":"","enabled":false},"version":2},"jetpack_post_was_ever_published":false},"categories":[17744],"tags":[229772,309779995,563269],"class_list":["post-1698","post","type-post","status-publish","format-standard","has-post-thumbnail","hentry","category-perspektive","tag-mystik","tag-seelenevolution","tag-weisheit"],"jetpack_publicize_connections":[],"jetpack_featured_media_url":"https:\/\/i0.wp.com\/moving-with-life.org\/wp-content\/uploads\/2025\/08\/einsicht-entwicklung-prozess-1.jpeg?fit=1024%2C576&ssl=1","jetpack_likes_enabled":true,"jetpack_sharing_enabled":true,"jetpack_shortlink":"https:\/\/wp.me\/pfnWhv-ro","jetpack-related-posts":[{"id":185,"url":"https:\/\/moving-with-life.org\/en\/2023\/12\/31\/auf-dem-weg-und-doch-nicht-komme-ich-voran\/","url_meta":{"origin":1698,"position":0},"title":"Auf dem Weg und doch nicht: Komme ich voran?","author":"Sara Gnanzou","date":"31. December 2023","format":false,"excerpt":"Unsere Vorstellung \u00fcber das Leben, die das Interesse an dem spirituellen Weg hervorlockten, werden auf gerade diesem Weg unweigerlich gecrasht. Es kommt der Punkt, an dem klar wird, dass die Hoffnung auf das bessere manifestierte Leben mit Traumjob, Traumbeziehung und Traumwohnort nicht eintreten wird. Alle Meditationen und positives Denken haben\u2026","rel":"","context":"In &quot;Perspektive&quot;","block_context":{"text":"Perspektive","link":"https:\/\/moving-with-life.org\/en\/category\/blog\/perspektive\/"},"img":{"alt_text":"","src":"https:\/\/i0.wp.com\/moving-with-life.org\/wp-content\/uploads\/2023\/12\/photo_2025-04-07_16-14-19.jpg?fit=1200%2C1200&ssl=1&resize=350%2C200","width":350,"height":200,"srcset":"https:\/\/i0.wp.com\/moving-with-life.org\/wp-content\/uploads\/2023\/12\/photo_2025-04-07_16-14-19.jpg?fit=1200%2C1200&ssl=1&resize=350%2C200 1x, https:\/\/i0.wp.com\/moving-with-life.org\/wp-content\/uploads\/2023\/12\/photo_2025-04-07_16-14-19.jpg?fit=1200%2C1200&ssl=1&resize=525%2C300 1.5x, https:\/\/i0.wp.com\/moving-with-life.org\/wp-content\/uploads\/2023\/12\/photo_2025-04-07_16-14-19.jpg?fit=1200%2C1200&ssl=1&resize=700%2C400 2x, https:\/\/i0.wp.com\/moving-with-life.org\/wp-content\/uploads\/2023\/12\/photo_2025-04-07_16-14-19.jpg?fit=1200%2C1200&ssl=1&resize=1050%2C600 3x"},"classes":[]},{"id":2689,"url":"https:\/\/moving-with-life.org\/en\/2026\/01\/31\/innere-ruhe-oder-dissoziative-verstummung\/","url_meta":{"origin":1698,"position":1},"title":"Innere Ruhe oder dissoziative Verstummung?","author":"Sara Gnanzou","date":"31. January 2026","format":false,"excerpt":"\u201eIn wahrer Ruhe vibriert innere Lebendigkeit, die in der Verstummung unterdr\u00fcckt bleibt.\u201c Kultur der Lebensablehnung Statt die Kultivierung von Lebenskraft zu erlernen, haben viele Menschen im Erwachsenwerden ein Training in Lebensablehnung durchlaufen. Und dieses Training ist k\u00f6rperlich konkret. Es geht um die Gef\u00fchle, die wir unter dauerhafter Muskelkontraktion unterdr\u00fccken. Es\u2026","rel":"","context":"In &quot;Unterscheidungskraft&quot;","block_context":{"text":"Unterscheidungskraft","link":"https:\/\/moving-with-life.org\/en\/category\/blog\/unterscheidung\/"},"img":{"alt_text":"","src":"https:\/\/i0.wp.com\/moving-with-life.org\/wp-content\/uploads\/2026\/01\/innere-ruhe-oder-verstummung-1.jpeg?fit=1024%2C576&ssl=1&resize=350%2C200","width":350,"height":200,"srcset":"https:\/\/i0.wp.com\/moving-with-life.org\/wp-content\/uploads\/2026\/01\/innere-ruhe-oder-verstummung-1.jpeg?fit=1024%2C576&ssl=1&resize=350%2C200 1x, https:\/\/i0.wp.com\/moving-with-life.org\/wp-content\/uploads\/2026\/01\/innere-ruhe-oder-verstummung-1.jpeg?fit=1024%2C576&ssl=1&resize=525%2C300 1.5x, https:\/\/i0.wp.com\/moving-with-life.org\/wp-content\/uploads\/2026\/01\/innere-ruhe-oder-verstummung-1.jpeg?fit=1024%2C576&ssl=1&resize=700%2C400 2x"},"classes":[]},{"id":1728,"url":"https:\/\/moving-with-life.org\/en\/2025\/08\/28\/wurde-kraft-was-die-entwicklung-von-lebenskraft-braucht\/","url_meta":{"origin":1698,"position":2},"title":"W\u00fcrde &amp; Kraft &#8211; was die Entwicklung von Lebenskraft braucht","author":"Sara Gnanzou","date":"28. August 2025","format":false,"excerpt":"Kraftvoller werden oder die innewohnende Kraft aufbauen\u00a0 In die eigene Kraft zu kommen, ist ein essenzieller Teil des Selbstentwicklungsreise. Es erwacht der Wunsch, sich den Verstrickungen mit der Welt zu entwachsen und die eigene innere Quelle der Lebenskraft zu kultivieren. Es gibt viele Techniken und Ratgeber, die den Prozess beschreiben\u2026","rel":"","context":"In &quot;Perspektive&quot;","block_context":{"text":"Perspektive","link":"https:\/\/moving-with-life.org\/en\/category\/blog\/perspektive\/"},"img":{"alt_text":"","src":"https:\/\/i0.wp.com\/moving-with-life.org\/wp-content\/uploads\/2025\/08\/2.jpg?fit=1024%2C768&ssl=1&resize=350%2C200","width":350,"height":200,"srcset":"https:\/\/i0.wp.com\/moving-with-life.org\/wp-content\/uploads\/2025\/08\/2.jpg?fit=1024%2C768&ssl=1&resize=350%2C200 1x, https:\/\/i0.wp.com\/moving-with-life.org\/wp-content\/uploads\/2025\/08\/2.jpg?fit=1024%2C768&ssl=1&resize=525%2C300 1.5x, https:\/\/i0.wp.com\/moving-with-life.org\/wp-content\/uploads\/2025\/08\/2.jpg?fit=1024%2C768&ssl=1&resize=700%2C400 2x"},"classes":[]},{"id":2888,"url":"https:\/\/moving-with-life.org\/en\/2026\/03\/08\/ep-31-mit-dem-leben-durch-den-uebergang\/","url_meta":{"origin":1698,"position":3},"title":"EP 31 Mit dem Leben durch den \u00dcbergang","author":"Sara Gnanzou","date":"8. March 2026","format":false,"excerpt":"Diese Reise ist eine Erforschung von \u00dcbergangsphasen und ihrer Weisheit. In einer Kultur fertiger Produkte ist die Weisheit von Reifungsprozessen verlorengegangen und so meinen wir, auch in der inneren Entwicklung schnell beim Ziel ankommen zu m\u00fcssen. Doch der \u00dcbergang mit all seinen Erfahrungen hat einen Wert in sich - auch\u2026","rel":"","context":"In &quot;Podcast&quot;","block_context":{"text":"Podcast","link":"https:\/\/moving-with-life.org\/en\/category\/podcast\/"},"img":{"alt_text":"","src":"https:\/\/i0.wp.com\/moving-with-life.org\/wp-content\/uploads\/2026\/03\/EP-31.jpg?fit=1200%2C675&ssl=1&resize=350%2C200","width":350,"height":200,"srcset":"https:\/\/i0.wp.com\/moving-with-life.org\/wp-content\/uploads\/2026\/03\/EP-31.jpg?fit=1200%2C675&ssl=1&resize=350%2C200 1x, https:\/\/i0.wp.com\/moving-with-life.org\/wp-content\/uploads\/2026\/03\/EP-31.jpg?fit=1200%2C675&ssl=1&resize=525%2C300 1.5x, https:\/\/i0.wp.com\/moving-with-life.org\/wp-content\/uploads\/2026\/03\/EP-31.jpg?fit=1200%2C675&ssl=1&resize=700%2C400 2x, https:\/\/i0.wp.com\/moving-with-life.org\/wp-content\/uploads\/2026\/03\/EP-31.jpg?fit=1200%2C675&ssl=1&resize=1050%2C600 3x"},"classes":[]},{"id":2521,"url":"https:\/\/moving-with-life.org\/en\/2026\/01\/18\/ep-18-von-aeusserer-orientierung-zur-inneren-autoritaet\/","url_meta":{"origin":1698,"position":4},"title":"EP 18 Von \u00e4u\u00dferer Orientierung zur inneren Autorit\u00e4t","author":"Sara Gnanzou","date":"18. January 2026","format":false,"excerpt":"In dieser Folge erkunde ich den Unterschied zwischen \u00e4u\u00dferer und innerer Lebensorientierung. Dabei zeigt sich, wie die innere Antwortf\u00e4higkeit und Intimit\u00e4t mit der G\u00f6ttin durch Schattenarbeit der Schl\u00fcssel zur Entwicklung der inneren Autorit\u00e4t ist. Au\u00dferdem geht die Reise auf den Wandlungsprozess dahinter und die daraus entstehende neue Art, mit der\u2026","rel":"","context":"In &quot;Podcast&quot;","block_context":{"text":"Podcast","link":"https:\/\/moving-with-life.org\/en\/category\/podcast\/"},"img":{"alt_text":"","src":"https:\/\/i0.wp.com\/moving-with-life.org\/wp-content\/uploads\/2026\/01\/EP18.jpg?fit=1024%2C1024&ssl=1&resize=350%2C200","width":350,"height":200,"srcset":"https:\/\/i0.wp.com\/moving-with-life.org\/wp-content\/uploads\/2026\/01\/EP18.jpg?fit=1024%2C1024&ssl=1&resize=350%2C200 1x, https:\/\/i0.wp.com\/moving-with-life.org\/wp-content\/uploads\/2026\/01\/EP18.jpg?fit=1024%2C1024&ssl=1&resize=525%2C300 1.5x, https:\/\/i0.wp.com\/moving-with-life.org\/wp-content\/uploads\/2026\/01\/EP18.jpg?fit=1024%2C1024&ssl=1&resize=700%2C400 2x"},"classes":[]},{"id":1269,"url":"https:\/\/moving-with-life.org\/en\/2025\/06\/19\/der-groste-selbstheilungshack\/","url_meta":{"origin":1698,"position":5},"title":"Der gr\u00f6\u00dfte Selbstheilungshack","author":"Sara Gnanzou","date":"19. June 2025","format":false,"excerpt":"Lebe! Lebe bedingungslos, lebe verk\u00f6rpert, lebe ganz und real und pur! Sag ja zu der Lebensenergie in Dir!\u00a0Halte sie nicht fest, wehre sie nicht ab. Lebe jeden Moment, wie er in dir gegeben ist. Lebe! Damit w\u00e4re alles gesagt. Das ist alles, was Selbstheilung in der Essenz bedarf \u2013 radikale,\u2026","rel":"","context":"In &quot;Perspektive&quot;","block_context":{"text":"Perspektive","link":"https:\/\/moving-with-life.org\/en\/category\/blog\/perspektive\/"},"img":{"alt_text":"","src":"https:\/\/i0.wp.com\/moving-with-life.org\/wp-content\/uploads\/2025\/06\/photo_2025-06-19_20-16-22.jpg?fit=1200%2C1200&ssl=1&resize=350%2C200","width":350,"height":200,"srcset":"https:\/\/i0.wp.com\/moving-with-life.org\/wp-content\/uploads\/2025\/06\/photo_2025-06-19_20-16-22.jpg?fit=1200%2C1200&ssl=1&resize=350%2C200 1x, https:\/\/i0.wp.com\/moving-with-life.org\/wp-content\/uploads\/2025\/06\/photo_2025-06-19_20-16-22.jpg?fit=1200%2C1200&ssl=1&resize=525%2C300 1.5x, https:\/\/i0.wp.com\/moving-with-life.org\/wp-content\/uploads\/2025\/06\/photo_2025-06-19_20-16-22.jpg?fit=1200%2C1200&ssl=1&resize=700%2C400 2x, https:\/\/i0.wp.com\/moving-with-life.org\/wp-content\/uploads\/2025\/06\/photo_2025-06-19_20-16-22.jpg?fit=1200%2C1200&ssl=1&resize=1050%2C600 3x"},"classes":[]}],"_links":{"self":[{"href":"https:\/\/moving-with-life.org\/en\/wp-json\/wp\/v2\/posts\/1698","targetHints":{"allow":["GET"]}}],"collection":[{"href":"https:\/\/moving-with-life.org\/en\/wp-json\/wp\/v2\/posts"}],"about":[{"href":"https:\/\/moving-with-life.org\/en\/wp-json\/wp\/v2\/types\/post"}],"author":[{"embeddable":true,"href":"https:\/\/moving-with-life.org\/en\/wp-json\/wp\/v2\/users\/244310740"}],"replies":[{"embeddable":true,"href":"https:\/\/moving-with-life.org\/en\/wp-json\/wp\/v2\/comments?post=1698"}],"version-history":[{"count":7,"href":"https:\/\/moving-with-life.org\/en\/wp-json\/wp\/v2\/posts\/1698\/revisions"}],"predecessor-version":[{"id":2662,"href":"https:\/\/moving-with-life.org\/en\/wp-json\/wp\/v2\/posts\/1698\/revisions\/2662"}],"wp:featuredmedia":[{"embeddable":true,"href":"https:\/\/moving-with-life.org\/en\/wp-json\/wp\/v2\/media\/2149"}],"wp:attachment":[{"href":"https:\/\/moving-with-life.org\/en\/wp-json\/wp\/v2\/media?parent=1698"}],"wp:term":[{"taxonomy":"category","embeddable":true,"href":"https:\/\/moving-with-life.org\/en\/wp-json\/wp\/v2\/categories?post=1698"},{"taxonomy":"post_tag","embeddable":true,"href":"https:\/\/moving-with-life.org\/en\/wp-json\/wp\/v2\/tags?post=1698"}],"curies":[{"name":"wp","href":"https:\/\/api.w.org\/{rel}","templated":true}]}}