{"id":1279,"date":"2025-06-21T17:29:45","date_gmt":"2025-06-21T15:29:45","guid":{"rendered":"https:\/\/tiefbewegt.blog\/?p=1279"},"modified":"2026-01-29T10:10:31","modified_gmt":"2026-01-29T09:10:31","slug":"plutonische-perlentaucherin","status":"publish","type":"post","link":"https:\/\/moving-with-life.org\/en\/2025\/06\/21\/plutonische-perlentaucherin\/","title":{"rendered":"Plutonische Perlentaucherin"},"content":{"rendered":"<div class=\"wp-block-columns jetpack-paywall-simple is-layout-flex wp-container-core-columns-is-layout-802607ce wp-block-columns-is-layout-flex\" style=\"display: inline-block; width: 90%\">\n    \n    <div class=\"wp-block-column is-layout-flow wp-block-column-is-layout-flow\" style=\"background-color: #F6F7F7; padding: 32px; 24px;\">\n        \n        <h2 class=\"has-text-align-center wp-block-heading\" style=\"margin: 0 0 12px; font-weight: 600;\">Subscribe to keep reading<\/h2>\n        \n        \n        <p class=\"has-text-align-center wp-block-paragraph\"\n           style=\"text-align: center;                  color: #50575E;                  font-weight: 400;                  font-size: 16px;                  font-family: 'SF Pro Text', sans-serif;                  line-height: 28.8px;\">\n        Become a paid subscriber to get access to the rest of this post and other exclusive content.\n        <\/p>\n        \n        \n        <div class=\"wp-block-buttons is-layout-flex wp-block-buttons-is-layout-flex\" style=\"text-align: center;\">\n            \n            <div class=\"wp-block-button\" style=\"display: inline-block; margin: 10px 0; border-style: none; padding: 0;\">\n                <a href=\"https:\/\/moving-with-life.org\/en\/?post_type=post&#038;p=1279\" class=\"wp-block-button__link wp-element-button\"\n                   data-wpcom-track data-tracks-link-desc=\"paywall-email-click\"\n                   style=\"display: inline-block;                          padding: 12px 15px;                          background-color: #3858e9;                          color: #FFFFFF;                          text-decoration: none;                          border-radius: 5px;                          font-family: 'SF Pro Display', sans-serif;                          font-weight: 500;                          font-size: 16px;                          text-align: center;\">Subscribe<\/a>\n            <\/div>\n            \n        <\/div>\n        \n    <\/div>\n    \n<\/div>","protected":false},"excerpt":{"rendered":"","protected":false},"author":244310740,"featured_media":1283,"comment_status":"open","ping_status":"open","sticky":false,"template":"","format":"standard","meta":{"_crdt_document":"","advanced_seo_description":"","jetpack_seo_html_title":"","jetpack_seo_noindex":false,"_jetpack_newsletter_access":"subscribers","_jetpack_dont_email_post_to_subs":false,"_jetpack_newsletter_tier_id":0,"_jetpack_memberships_contains_paywalled_content":true,"_jetpack_memberships_contains_paid_content":false,"footnotes":"","jetpack_publicize_message":"","jetpack_publicize_feature_enabled":true,"jetpack_social_post_already_shared":false,"jetpack_social_options":{"image_generator_settings":{"template":"highway","default_image_id":0,"enabled":false},"version":2},"jetpack_post_was_ever_published":false},"categories":[13826],"tags":[229772,2339284,309779995],"class_list":["post-1279","post","type-post","status-publish","format-standard","has-post-thumbnail","hentry","category-hingabe","tag-mystik","tag-schattenarbeit","tag-seelenevolution"],"jetpack_publicize_connections":[],"jetpack_featured_media_url":"https:\/\/i0.wp.com\/moving-with-life.org\/wp-content\/uploads\/2025\/06\/photo_2025-06-21_17-27-27.jpg?fit=1280%2C1280&ssl=1","jetpack_likes_enabled":true,"jetpack_sharing_enabled":true,"jetpack_shortlink":"https:\/\/wp.me\/pfnWhv-kD","jetpack-related-posts":[{"id":1494,"url":"https:\/\/moving-with-life.org\/en\/2025\/07\/15\/als-alle-interpretationen-endeten-und-ich-mein-wahres-wesen-spurte\/","url_meta":{"origin":1279,"position":0},"title":"Als alle Interpretationen endeten und ich mein wahres Wesen sp\u00fcrte","author":"Sara Gnanzou","date":"15. July 2025","format":false,"excerpt":"W\u00e4hrend ich in der akademischen Welt unterwegs war, hat im Hintergrund meines Seins fast dauerhaft ein sehr unangenehmes Gef\u00fchl vibriert. Zu dem Zeitpunkt habe ich es deutlich gesp\u00fcrt, doch ich war mir nicht bewusst, was f\u00fcr ein Gef\u00fchl es ist. Ich habe es nicht ignoriert, jedoch in meiner \u00dcberzeugung, schon\u2026","rel":"","context":"In &quot;Perspektive&quot;","block_context":{"text":"Perspektive","link":"https:\/\/moving-with-life.org\/en\/category\/blog\/perspektive\/"},"img":{"alt_text":"","src":"https:\/\/i0.wp.com\/moving-with-life.org\/wp-content\/uploads\/2025\/07\/image-1.jpeg?fit=1024%2C576&ssl=1&resize=350%2C200","width":350,"height":200,"srcset":"https:\/\/i0.wp.com\/moving-with-life.org\/wp-content\/uploads\/2025\/07\/image-1.jpeg?fit=1024%2C576&ssl=1&resize=350%2C200 1x, https:\/\/i0.wp.com\/moving-with-life.org\/wp-content\/uploads\/2025\/07\/image-1.jpeg?fit=1024%2C576&ssl=1&resize=525%2C300 1.5x, https:\/\/i0.wp.com\/moving-with-life.org\/wp-content\/uploads\/2025\/07\/image-1.jpeg?fit=1024%2C576&ssl=1&resize=700%2C400 2x"},"classes":[]},{"id":706,"url":"https:\/\/moving-with-life.org\/en\/2025\/04\/15\/angst-als-tor-zum-leben\/","url_meta":{"origin":1279,"position":1},"title":"Angst als Tor zum Leben","author":"Sara Gnanzou","date":"15. April 2025","format":false,"excerpt":"Leben \u2013 im Fluss des Lebens baden und sich in tiefer Freude und Verbundenheit mit der Sch\u00f6pfung bewegen. Ganz in der Gewissheit sein, die eigene Rolle im kosmischen Theater zu kennen. Man kann es in vielen Worten umschreiben \u2013 man selbst sein, frei sein, sich entwickeln. Es ist diese Ahnung,\u2026","rel":"","context":"In &quot;Perspektive&quot;","block_context":{"text":"Perspektive","link":"https:\/\/moving-with-life.org\/en\/category\/blog\/perspektive\/"},"img":{"alt_text":"","src":"https:\/\/i0.wp.com\/moving-with-life.org\/wp-content\/uploads\/2025\/04\/photo_2025-04-24_14-52-12.jpg?fit=1198%2C1200&ssl=1&resize=350%2C200","width":350,"height":200,"srcset":"https:\/\/i0.wp.com\/moving-with-life.org\/wp-content\/uploads\/2025\/04\/photo_2025-04-24_14-52-12.jpg?fit=1198%2C1200&ssl=1&resize=350%2C200 1x, https:\/\/i0.wp.com\/moving-with-life.org\/wp-content\/uploads\/2025\/04\/photo_2025-04-24_14-52-12.jpg?fit=1198%2C1200&ssl=1&resize=525%2C300 1.5x, https:\/\/i0.wp.com\/moving-with-life.org\/wp-content\/uploads\/2025\/04\/photo_2025-04-24_14-52-12.jpg?fit=1198%2C1200&ssl=1&resize=700%2C400 2x, https:\/\/i0.wp.com\/moving-with-life.org\/wp-content\/uploads\/2025\/04\/photo_2025-04-24_14-52-12.jpg?fit=1198%2C1200&ssl=1&resize=1050%2C600 3x"},"classes":[]},{"id":1728,"url":"https:\/\/moving-with-life.org\/en\/2025\/08\/28\/wurde-kraft-was-die-entwicklung-von-lebenskraft-braucht\/","url_meta":{"origin":1279,"position":2},"title":"W\u00fcrde &amp; Kraft &#8211; was die Entwicklung von Lebenskraft braucht","author":"Sara Gnanzou","date":"28. August 2025","format":false,"excerpt":"Kraftvoller werden oder die innewohnende Kraft aufbauen\u00a0 In die eigene Kraft zu kommen, ist ein essenzieller Teil des Selbstentwicklungsreise. Es erwacht der Wunsch, sich den Verstrickungen mit der Welt zu entwachsen und die eigene innere Quelle der Lebenskraft zu kultivieren. Es gibt viele Techniken und Ratgeber, die den Prozess beschreiben\u2026","rel":"","context":"In &quot;Perspektive&quot;","block_context":{"text":"Perspektive","link":"https:\/\/moving-with-life.org\/en\/category\/blog\/perspektive\/"},"img":{"alt_text":"","src":"https:\/\/i0.wp.com\/moving-with-life.org\/wp-content\/uploads\/2025\/08\/2.jpg?fit=1024%2C768&ssl=1&resize=350%2C200","width":350,"height":200,"srcset":"https:\/\/i0.wp.com\/moving-with-life.org\/wp-content\/uploads\/2025\/08\/2.jpg?fit=1024%2C768&ssl=1&resize=350%2C200 1x, https:\/\/i0.wp.com\/moving-with-life.org\/wp-content\/uploads\/2025\/08\/2.jpg?fit=1024%2C768&ssl=1&resize=525%2C300 1.5x, https:\/\/i0.wp.com\/moving-with-life.org\/wp-content\/uploads\/2025\/08\/2.jpg?fit=1024%2C768&ssl=1&resize=700%2C400 2x"},"classes":[]},{"id":2689,"url":"https:\/\/moving-with-life.org\/en\/2026\/01\/31\/innere-ruhe-oder-dissoziative-verstummung\/","url_meta":{"origin":1279,"position":3},"title":"Innere Ruhe oder dissoziative Verstummung?","author":"Sara Gnanzou","date":"31. January 2026","format":false,"excerpt":"\u201eIn wahrer Ruhe vibriert innere Lebendigkeit, die in der Verstummung unterdr\u00fcckt bleibt.\u201c Kultur der Lebensablehnung Statt die Kultivierung von Lebenskraft zu erlernen, haben viele Menschen im Erwachsenwerden ein Training in Lebensablehnung durchlaufen. Und dieses Training ist k\u00f6rperlich konkret. Es geht um die Gef\u00fchle, die wir unter dauerhafter Muskelkontraktion unterdr\u00fccken. Es\u2026","rel":"","context":"In &quot;Unterscheidungskraft&quot;","block_context":{"text":"Unterscheidungskraft","link":"https:\/\/moving-with-life.org\/en\/category\/blog\/unterscheidung\/"},"img":{"alt_text":"","src":"https:\/\/i0.wp.com\/moving-with-life.org\/wp-content\/uploads\/2026\/01\/innere-ruhe-oder-verstummung-1.jpeg?fit=1024%2C576&ssl=1&resize=350%2C200","width":350,"height":200,"srcset":"https:\/\/i0.wp.com\/moving-with-life.org\/wp-content\/uploads\/2026\/01\/innere-ruhe-oder-verstummung-1.jpeg?fit=1024%2C576&ssl=1&resize=350%2C200 1x, https:\/\/i0.wp.com\/moving-with-life.org\/wp-content\/uploads\/2026\/01\/innere-ruhe-oder-verstummung-1.jpeg?fit=1024%2C576&ssl=1&resize=525%2C300 1.5x, https:\/\/i0.wp.com\/moving-with-life.org\/wp-content\/uploads\/2026\/01\/innere-ruhe-oder-verstummung-1.jpeg?fit=1024%2C576&ssl=1&resize=700%2C400 2x"},"classes":[]},{"id":928,"url":"https:\/\/moving-with-life.org\/en\/2025\/05\/03\/mayamedizin-von-strategie-zu-beziehung\/","url_meta":{"origin":1279,"position":4},"title":"medizin f\u00fcr die verschleiernde Maya \u2013 von Strategie zu Beziehung\u00a0","author":"Sara Gnanzou","date":"3. May 2025","format":false,"excerpt":"Ich liege am Boden, in Shavasana, der Abschlussentspannungsposition beim Asana Yoga. Sie hei\u00dft auch die Leichenpose und der Name passt sehr gut. Mein ganzes Wesen f\u00fchle ich von Schmerzen durchzogen, innerlich dem Tode schrecklich nah. Hier und da Anspannungen, um den Schmerz fernzuhalten. Mein Geist ist aktiv. Was tun?\u00a0 Schon\u2026","rel":"","context":"In &quot;Perspektive&quot;","block_context":{"text":"Perspektive","link":"https:\/\/moving-with-life.org\/en\/category\/blog\/perspektive\/"},"img":{"alt_text":"","src":"https:\/\/i0.wp.com\/moving-with-life.org\/wp-content\/uploads\/2025\/05\/photo_2025-05-03_14-09-57.jpg?fit=1200%2C1200&ssl=1&resize=350%2C200","width":350,"height":200,"srcset":"https:\/\/i0.wp.com\/moving-with-life.org\/wp-content\/uploads\/2025\/05\/photo_2025-05-03_14-09-57.jpg?fit=1200%2C1200&ssl=1&resize=350%2C200 1x, https:\/\/i0.wp.com\/moving-with-life.org\/wp-content\/uploads\/2025\/05\/photo_2025-05-03_14-09-57.jpg?fit=1200%2C1200&ssl=1&resize=525%2C300 1.5x, https:\/\/i0.wp.com\/moving-with-life.org\/wp-content\/uploads\/2025\/05\/photo_2025-05-03_14-09-57.jpg?fit=1200%2C1200&ssl=1&resize=700%2C400 2x, https:\/\/i0.wp.com\/moving-with-life.org\/wp-content\/uploads\/2025\/05\/photo_2025-05-03_14-09-57.jpg?fit=1200%2C1200&ssl=1&resize=1050%2C600 3x"},"classes":[]},{"id":3039,"url":"https:\/\/moving-with-life.org\/en\/2026\/04\/06\/warum-die-tugend-der-reinheit-hoechsten-schutz-ermoeglicht\/","url_meta":{"origin":1279,"position":5},"title":"Warum Reinheit h\u00f6chsten Schutz erm\u00f6glicht","author":"Sara Gnanzou","date":"6. April 2026","format":false,"excerpt":"Die Tugend der Reinheit wird oft mit Zartheit und Sanftheit assoziiert, weniger mit St\u00e4rke. Und St\u00e4rke ist, was wir mit Schutz verbinden. Deswegen k\u00fcmmern wir uns wenig um Reinheit, wenn unser Wesen nach Schutz und Sicherheit sucht. Doch ohne Reinheit k\u00f6nnen wir keine wahre St\u00e4rke entwickeln. Wahre St\u00e4rke geht auf\u2026","rel":"","context":"In &quot;Perspektive&quot;","block_context":{"text":"Perspektive","link":"https:\/\/moving-with-life.org\/en\/category\/blog\/perspektive\/"},"img":{"alt_text":"","src":"https:\/\/i0.wp.com\/moving-with-life.org\/wp-content\/uploads\/2026\/04\/260406.png?fit=1200%2C675&ssl=1&resize=350%2C200","width":350,"height":200,"srcset":"https:\/\/i0.wp.com\/moving-with-life.org\/wp-content\/uploads\/2026\/04\/260406.png?fit=1200%2C675&ssl=1&resize=350%2C200 1x, https:\/\/i0.wp.com\/moving-with-life.org\/wp-content\/uploads\/2026\/04\/260406.png?fit=1200%2C675&ssl=1&resize=525%2C300 1.5x, https:\/\/i0.wp.com\/moving-with-life.org\/wp-content\/uploads\/2026\/04\/260406.png?fit=1200%2C675&ssl=1&resize=700%2C400 2x, https:\/\/i0.wp.com\/moving-with-life.org\/wp-content\/uploads\/2026\/04\/260406.png?fit=1200%2C675&ssl=1&resize=1050%2C600 3x"},"classes":[]}],"_links":{"self":[{"href":"https:\/\/moving-with-life.org\/en\/wp-json\/wp\/v2\/posts\/1279","targetHints":{"allow":["GET"]}}],"collection":[{"href":"https:\/\/moving-with-life.org\/en\/wp-json\/wp\/v2\/posts"}],"about":[{"href":"https:\/\/moving-with-life.org\/en\/wp-json\/wp\/v2\/types\/post"}],"author":[{"embeddable":true,"href":"https:\/\/moving-with-life.org\/en\/wp-json\/wp\/v2\/users\/244310740"}],"replies":[{"embeddable":true,"href":"https:\/\/moving-with-life.org\/en\/wp-json\/wp\/v2\/comments?post=1279"}],"version-history":[{"count":5,"href":"https:\/\/moving-with-life.org\/en\/wp-json\/wp\/v2\/posts\/1279\/revisions"}],"predecessor-version":[{"id":2669,"href":"https:\/\/moving-with-life.org\/en\/wp-json\/wp\/v2\/posts\/1279\/revisions\/2669"}],"wp:featuredmedia":[{"embeddable":true,"href":"https:\/\/moving-with-life.org\/en\/wp-json\/wp\/v2\/media\/1283"}],"wp:attachment":[{"href":"https:\/\/moving-with-life.org\/en\/wp-json\/wp\/v2\/media?parent=1279"}],"wp:term":[{"taxonomy":"category","embeddable":true,"href":"https:\/\/moving-with-life.org\/en\/wp-json\/wp\/v2\/categories?post=1279"},{"taxonomy":"post_tag","embeddable":true,"href":"https:\/\/moving-with-life.org\/en\/wp-json\/wp\/v2\/tags?post=1279"}],"curies":[{"name":"wp","href":"https:\/\/api.w.org\/{rel}","templated":true}]}}