{"id":1269,"date":"2025-06-19T20:21:13","date_gmt":"2025-06-19T18:21:13","guid":{"rendered":"https:\/\/tiefbewegt.blog\/?p=1269"},"modified":"2026-01-29T10:11:32","modified_gmt":"2026-01-29T09:11:32","slug":"der-groste-selbstheilungshack","status":"publish","type":"post","link":"https:\/\/moving-with-life.org\/en\/2025\/06\/19\/der-groste-selbstheilungshack\/","title":{"rendered":"Der gr\u00f6\u00dfte Selbstheilungshack"},"content":{"rendered":"<p class=\"has-albert-sans-font-family wp-block-paragraph\" style=\"font-size:clamp(0.875rem, 0.875rem + ((1vw - 0.2rem) * 0.042), 0.9rem);\">Lebe! Lebe bedingungslos, lebe verk\u00f6rpert, lebe ganz und real und pur! Sag ja zu der Lebensenergie in Dir!&nbsp;Halte sie nicht fest, wehre sie nicht ab. Lebe jeden Moment, wie er in dir gegeben ist. Lebe! Damit w\u00e4re alles gesagt. Das ist alles, was Selbstheilung in der Essenz bedarf \u2013 radikale, lebendige Annahme des eigenen Wesens, des Lebens, das wir sind. &nbsp;<\/p>\n\n\n\n<p class=\"has-albert-sans-font-family wp-block-paragraph\" style=\"font-size:clamp(0.875rem, 0.875rem + ((1vw - 0.2rem) * 0.042), 0.9rem);\">F\u00fcr viele mag dies zuerst wie die ersehnte Botschaft klingen. Ja, Gott sei Dank, endlich die Erlaubnis ganz zu leben.&nbsp;Doch wenn wir tiefer und ehrlicher hinschauen, sehen wir unsere Angst davor. Zweifelnde Stimmen melden sich. Wirklich einfach alles leben? Das ist doch gef\u00e4hrlich. Da kann doch auch Schreckliches passieren. Wenn ich das mache, macht es mein Nachbar vielleicht auch, und was bei ihm in der Tiefe lauert&#8230;Wir f\u00fcrchten das Leben und wollen es kontrollieren, damit wir mit dem Gef\u00fcrchteten nicht in Kontakt kommen. &nbsp;<\/p>\n\n\n\n<p class=\"has-albert-sans-font-family wp-block-paragraph\" style=\"font-size:clamp(0.875rem, 0.875rem + ((1vw - 0.2rem) * 0.042), 0.9rem);\">So sehr wir die einschr\u00e4nkenden Regeln, Verbote und Unterdr\u00fcckungen \u00fcber&nbsp;unserer Lebendigkeit verabscheuen und uns als Opfer dessen erfahren, so sehr bestehen wir darauf und versuchen vehement diese Lebensverbote aufrechtzuerhalten. Diese Dynamik ist oft unbewusst. Es braucht eine fortgeschrittene ehrliche&nbsp;Selbsterforschung, um zu realisieren, dass wir beides sind. Wir sind die Unterdr\u00fcckten und wir sind die Unterdr\u00fccker. Wir kreieren diese Erfahrung in unserer Innenwelt. Kommen wir in gro\u00dfer Zahl daf\u00fcr zusammen, hei\u00dft dies Kultur. Eine Kultur, die unter all den alltagspraktischen Fragen sich dem Ziel verschrieben hat, mit bestimmten Aspekten und Qualit\u00e4ten des Lebens nicht in Kontakt zu kommen. Der Kulturvertrag lautet: Wenn ich es nicht lebe und du es nicht lebst, dann k\u00f6nnen wir gemeinsam existieren. Damit wir existieren k\u00f6nnen, halten wir die freie, wilde Lebensenergie zur\u00fcck. Ich erinnere dich daran, und du mich. &nbsp;<\/p>\n\n\n\n<p class=\"has-albert-sans-font-family wp-block-paragraph\" style=\"font-size:clamp(0.875rem, 0.875rem + ((1vw - 0.2rem) * 0.042), 0.9rem);\">Einfach voll und bedingungslos leben w\u00e4re sofort zug\u00e4nglich, wenn wir Menschen nicht solch schrecklich viele Vorstellungen und Konditionierungen um das Lebendigsein gelegt h\u00e4tten und wenn auf den Weg zur\u00fcck zu diesem urspr\u00fcnglichen Lebensintelligenz nicht so viele Wunden uns erschreckend entgegen blitzen w\u00fcrden. Wenn der Aufruf \u201cLebe!\u201d ausgesprochen wird, sp\u00fcren&nbsp;wir nicht als erstes Leben, sondern unsere Vorstellungen vom Leben. Wir denken unbewusst an all die Momente, wo Leben schmerzhaft und \u00fcberw\u00e4ltigend war, wo es unangenehm und an der Grenze des Aushaltbaren war, wo Lebendigsein Strafe und Ausgrenzung bedeutet h\u00e4tte. Wir haben unsere individuellen Erlebnisse und ein riesiges Reservoir an kollektiven Erinnerungen, das sich durch unsere Nervensysteme webt. Wirklich zu leben, scheint brandgef\u00e4hrlich zu sein. Es geschehen Dinge, die wir nicht wollen.&nbsp;<\/p>\n\n\n\n<p class=\"has-albert-sans-font-family wp-block-paragraph\" style=\"font-size:clamp(0.875rem, 0.875rem + ((1vw - 0.2rem) * 0.042), 0.9rem);\">So entsteht der Versuch Lebendigkeit wieder freizuschalten, ohne diese Schmerzpunkte im Unbewussten zu ber\u00fchren. Heilung wird gesucht und gerufen, doch die eigentliche Ursache, warum Heilung gebraucht wird, bleibt unbeachtet. Es gibt ganze Industrieren, die darauf aufbauen und Symptome von Symptomen lindern, ohne das tiefgreifende Heilung erlebt wird. Wir probieren die Methode oder jene Meditation und hasten von einem Seminar zum anderen, um Erl\u00f6sung und Befreiung n\u00e4herzukommen. Unsere Heilungsversuche k\u00f6nnen dann um die eigentliche Heilungsfrage kreisen \u2013 und viel Frustration und Verzweiflung hervorrufen. &nbsp;<\/p>\n\n\n\n<p class=\"has-albert-sans-font-family wp-block-paragraph\" style=\"font-size:clamp(0.875rem, 0.875rem + ((1vw - 0.2rem) * 0.042), 0.9rem);\">Die tiefe Ursache f\u00fcr Krankheit, Leid und seelische Verwirrung liegt im Missverstehen des Lebens und dem sturen Bestehen darauf, dass es&nbsp;die Wahrheit sei. Wenn wir Lebensenergie in uns abwehren, entsteht eine Blockade. Sie ist wie eine Verknotung, die die Lebensenergie umleitet und verformt. Statt der eigentlichen Form, die sie annehmen will, flie\u00dft sie in eine verstellte Form. Wir sehen eine verzerrte Form der Lebensenergie, einen Schattenausdruck davon. &nbsp;<\/p>\n\n\n\n<p class=\"has-albert-sans-font-family wp-block-paragraph\" style=\"font-size:clamp(0.875rem, 0.875rem + ((1vw - 0.2rem) * 0.042), 0.9rem);\">Nun denken die meisten, das sei das Leben. Sie verwechseln den freien Ausdruck von Leben mit dem Ausdruck von der Blockade um das Leben. In diesem Zustand sind wir nicht im direkten Kontakt mit der g\u00f6ttlichen Lebensintelligenz &#8211; k\u00f6nnen die Wahrheit nicht erkennen und die Weisheit nicht empfangen. Wir \u00e4rgern uns \u00fcber das Leben und erleben es gegen uns. Dabei sind wir nicht nur die Unterdr\u00fcckten, sondern auch die Unterdr\u00fccker. Wir sind es, die gegen das Leben sind. Und die Blockade, das Bild um die urspr\u00fcngliche Lebensenergie, nutzen wir als Rechtfertigung, dass Lebensablehnung hier und da und dort n\u00f6tig&nbsp;sei.&nbsp;<\/p>\n\n\n\n<p class=\"has-albert-sans-font-family wp-block-paragraph\" style=\"font-size:clamp(0.875rem, 0.875rem + ((1vw - 0.2rem) * 0.042), 0.9rem);\">Wir haben verlernt, leben zu sp\u00fcren, zu erkennen und zu zelebrieren. Wir haben das Leben in seiner Essenz komplett missverstanden. Wir haben begonnen das Leben zu bekriegen und die Wirkungen davon dann Leben genannt. Welch Erniedrigung und Besch\u00e4mung des g\u00f6ttlichen Funkens in uns! &nbsp;<\/p>\n\n\n\n<p class=\"has-albert-sans-font-family wp-block-paragraph\" style=\"font-size:clamp(0.875rem, 0.875rem + ((1vw - 0.2rem) * 0.042), 0.9rem);\">Alle Heilungsans\u00e4tze, die nicht an diesem urs\u00e4chlichen Missverst\u00e4ndnis von der Lebensintelligenz ansetzen und darauf ausgerichtet sind, k\u00f6nnen im besten Fall Symptome lindern. Das kann auch ein wichtiger und hilfreicher Schritt sein. Doch das ist noch keine Selbstheilung. &nbsp;<\/p>\n\n\n\n<p class=\"has-albert-sans-font-family wp-block-paragraph\" style=\"font-size:clamp(0.875rem, 0.875rem + ((1vw - 0.2rem) * 0.042), 0.9rem);\">Selbstheilung bedeutet&nbsp;diese Missverst\u00e4ndnisse, die falschen Selbstbilder (=Lebensbilder), einzuschmelzen und die eigentliche Lebensintelligenz dahinter wieder hervorkommen zu lassen \u2013 sp\u00fcrend zu erkennen, was Leben eigentlich ist und alles sein kann. Heilung l\u00f6st nicht das Problem, sondern es l\u00f6st die Ursache von dem Problem. Statt die Wirkungen und Symptome der Missverst\u00e4ndnisse zu \u00e4ndern, ist Selbstheilung die R\u00fcckverbindung zu der urspr\u00fcnglichen Lebensintelligenz. Dort, wo der Bruch mit dem Leben stattgefunden hat, entsteht wieder Verbindung. Wird es in seiner urspr\u00fcnglichen, unverzerrten Form wieder willkommen gehei\u00dfen, kann sie wirken. Das nennen wir dann Selbstheilung.&nbsp;<\/p>\n\n\n\n<p class=\"has-albert-sans-font-family wp-block-paragraph\" style=\"font-size:clamp(0.875rem, 0.875rem + ((1vw - 0.2rem) * 0.042), 0.9rem);\">In kurz: ein radikales Ja zum eigenen inneren Erleben&nbsp;ist der gr\u00f6\u00dfte Selbstheilungshack. So bl\u00e4ttert sich Schicht um Schicht von Missverst\u00e4ndnissen von uns ab. In dem Ja zum inneren Erleben kommen wir in Kontakt mit den Blockaden, die wir gegen das Leben errichtet haben. Durch den Kontakt, durch das Hinschauen und Hinsp\u00fcren, k\u00f6nnen wir schrittweise erkennen, was in unserer Innenwelt aktiv ist. Unter dem Licht des Bewusstseins verlieren&nbsp;die Unwahrheiten \u00fcber das Leben ihre Kraft, und tiefere Schichten unseres Seins k\u00f6nnen hervorkommen. &nbsp;<\/p>\n\n\n\n<p class=\"has-albert-sans-font-family wp-block-paragraph\" style=\"font-size:clamp(0.875rem, 0.875rem + ((1vw - 0.2rem) * 0.042), 0.9rem);\">Es ist ein Prozess der Vers\u00f6hnung und neues Kennenlernen des Lebens. Aus einer Schuldbeziehung mit Angriffen wird eine Liebesbeziehung mit intimen Einsichten. Wir brauchen stetig weniger Regeln und Verbote, weil wir die Sch\u00f6pfung wieder verstehen und wissen, ich kann dem Leben&nbsp;Vertrauen. Die Enge im Bewusstsein weitet sich und die urspr\u00fcngliche Unschuld und Sch\u00f6nheit des Lebens kann erkannt und erlebt werden \u2013 ganz schlicht, ganz geerdet, ganz verinnerlicht. &nbsp;<\/p>\n\n\n\n<p class=\"has-albert-sans-font-family wp-block-paragraph\" style=\"font-size:clamp(0.875rem, 0.875rem + ((1vw - 0.2rem) * 0.042), 0.9rem);\">Selbstheilung ist also kein einzelner Befreiungsschlag, sondern vielmehr eine vielseitige innere Reise mit vielen Stationen und Phasen. Das ganze Leben kann&nbsp;zu solch einer heilsamen, lebendigen Entwicklungsgreise werden. Dann brauchen wir Leben nicht mehr in eine nicht eintretende&nbsp;Zukunft verschieben, die erst kommen w\u00fcrde, wenn Selbstheilung geschehen ist. Wir setzen bei der Wurzel an und kehren die Mechanismen um. Wenn seelisches Leiden&nbsp;durch Lebensablehnung entsteht, dann geht Heilung aus Lebensannahme hervor. Somit&nbsp;verschmelzen Heilung und Leben: wir leben, weil das die Heilung ist. &nbsp;<\/p>\n\n\n\n<div style=\"height:30px\" aria-hidden=\"true\" class=\"wp-block-spacer\"><\/div>\n\n\n\n<p class=\"wp-block-paragraph\"><em>Bist du bewegt? Dann hinterlasse ein Kommentar oder Like und abonniere den Newsletter f\u00fcr kostenfreie Events mit gemeinsamer heilsamer Lebensforschung!<\/em><\/p>","protected":false},"excerpt":{"rendered":"<p>Lebe! Lebe bedingungslos, lebe verk\u00f6rpert, lebe ganz und real und pur! Sag ja zu der Lebensenergie in Dir!&nbsp;Halte sie nicht fest, wehre sie nicht ab. Lebe jeden Moment, wie er in dir gegeben ist. Lebe! Damit w\u00e4re alles gesagt. Das ist alles, was Selbstheilung in der Essenz bedarf \u2013 radikale, lebendige Annahme des eigenen Wesens, [&hellip;]<\/p>\n","protected":false},"author":244310740,"featured_media":1276,"comment_status":"open","ping_status":"open","sticky":false,"template":"","format":"standard","meta":{"_crdt_document":"","advanced_seo_description":"","jetpack_seo_html_title":"","jetpack_seo_noindex":false,"_jetpack_newsletter_access":"","_jetpack_dont_email_post_to_subs":false,"_jetpack_newsletter_tier_id":0,"_jetpack_memberships_contains_paywalled_content":false,"_jetpack_memberships_contains_paid_content":false,"footnotes":"","jetpack_publicize_message":"","jetpack_publicize_feature_enabled":true,"jetpack_social_post_already_shared":false,"jetpack_social_options":{"image_generator_settings":{"template":"highway","default_image_id":0,"font":"","enabled":false},"version":2},"jetpack_post_was_ever_published":false},"categories":[17744],"tags":[563269],"class_list":["post-1269","post","type-post","status-publish","format-standard","has-post-thumbnail","hentry","category-perspektive","tag-weisheit"],"jetpack_publicize_connections":[],"jetpack_featured_media_url":"https:\/\/i0.wp.com\/moving-with-life.org\/wp-content\/uploads\/2025\/06\/photo_2025-06-19_20-16-22.jpg?fit=1280%2C1280&ssl=1","jetpack_likes_enabled":true,"jetpack_sharing_enabled":true,"jetpack_shortlink":"https:\/\/wp.me\/pfnWhv-kt","jetpack-related-posts":[{"id":2046,"url":"https:\/\/moving-with-life.org\/en\/2025\/11\/17\/lass-mich-durch-das-moor-gehen\/","url_meta":{"origin":1269,"position":0},"title":"Lass mich durch das Moor gehen","author":"Sara Gnanzou","date":"17. November 2025","format":false,"excerpt":"Lass mich durch das Moor gehenund die Hoffnung verlierenbevor die Sonne untergeht,damit bei Nachtdie Sch\u00f6nheit der Sternenicht spurlos an mir vor\u00fcberziehtDu UnsichtbarerDu allpr\u00e4sente Traumt\u00e4nzerinlass mich mit dir ringenund mit dir sprechenals w\u00e4re alles heilig in mirund alles wert von deinem all durchdringenden Blickbedeckt zu werdenLass mich ganz echt und pur\u2026","rel":"","context":"In &quot;Hingabe&quot;","block_context":{"text":"Hingabe","link":"https:\/\/moving-with-life.org\/en\/category\/blog\/hingabe\/"},"img":{"alt_text":"","src":"https:\/\/i0.wp.com\/moving-with-life.org\/wp-content\/uploads\/2025\/11\/ich-ging-durch-das-moor-1.jpeg?fit=1024%2C576&ssl=1&resize=350%2C200","width":350,"height":200,"srcset":"https:\/\/i0.wp.com\/moving-with-life.org\/wp-content\/uploads\/2025\/11\/ich-ging-durch-das-moor-1.jpeg?fit=1024%2C576&ssl=1&resize=350%2C200 1x, https:\/\/i0.wp.com\/moving-with-life.org\/wp-content\/uploads\/2025\/11\/ich-ging-durch-das-moor-1.jpeg?fit=1024%2C576&ssl=1&resize=525%2C300 1.5x, https:\/\/i0.wp.com\/moving-with-life.org\/wp-content\/uploads\/2025\/11\/ich-ging-durch-das-moor-1.jpeg?fit=1024%2C576&ssl=1&resize=700%2C400 2x"},"classes":[]},{"id":2450,"url":"https:\/\/moving-with-life.org\/en\/2026\/01\/10\/wenn-wir-schreckliche-lebenserfahrungen-nicht-wollen\/","url_meta":{"origin":1269,"position":1},"title":"Wenn wir schreckliche Lebenserfahrungen nicht wollen","author":"Sara Gnanzou","date":"10. January 2026","format":false,"excerpt":"Wie k\u00f6nnen wir uns wieder wirklich f\u00fcr Leben interessieren? Eine Frage, die mich mit am meisten besch\u00e4ftigt. Ich lausche wach Richtung Herz und sp\u00fcre tiefes Mitgef\u00fchl. Es ist eine vertrackte Situation! So sehr wir uns nach Leben sehnen, so sehr lehnen wir es auch ab. Nat\u00fcrlich wollen wir uns ganz\u2026","rel":"","context":"In &quot;Perspektive&quot;","block_context":{"text":"Perspektive","link":"https:\/\/moving-with-life.org\/en\/category\/blog\/perspektive\/"},"img":{"alt_text":"","src":"https:\/\/i0.wp.com\/moving-with-life.org\/wp-content\/uploads\/2026\/01\/wenn-wir-schreckliche-lebenserfahrungen-nicht-wollen.jpeg?fit=1024%2C576&ssl=1&resize=350%2C200","width":350,"height":200,"srcset":"https:\/\/i0.wp.com\/moving-with-life.org\/wp-content\/uploads\/2026\/01\/wenn-wir-schreckliche-lebenserfahrungen-nicht-wollen.jpeg?fit=1024%2C576&ssl=1&resize=350%2C200 1x, https:\/\/i0.wp.com\/moving-with-life.org\/wp-content\/uploads\/2026\/01\/wenn-wir-schreckliche-lebenserfahrungen-nicht-wollen.jpeg?fit=1024%2C576&ssl=1&resize=525%2C300 1.5x, https:\/\/i0.wp.com\/moving-with-life.org\/wp-content\/uploads\/2026\/01\/wenn-wir-schreckliche-lebenserfahrungen-nicht-wollen.jpeg?fit=1024%2C576&ssl=1&resize=700%2C400 2x"},"classes":[]},{"id":928,"url":"https:\/\/moving-with-life.org\/en\/2025\/05\/03\/mayamedizin-von-strategie-zu-beziehung\/","url_meta":{"origin":1269,"position":2},"title":"medizin f\u00fcr die verschleiernde Maya \u2013 von Strategie zu Beziehung\u00a0","author":"Sara Gnanzou","date":"3. May 2025","format":false,"excerpt":"Ich liege am Boden, in Shavasana, der Abschlussentspannungsposition beim Asana Yoga. Sie hei\u00dft auch die Leichenpose und der Name passt sehr gut. Mein ganzes Wesen f\u00fchle ich von Schmerzen durchzogen, innerlich dem Tode schrecklich nah. Hier und da Anspannungen, um den Schmerz fernzuhalten. Mein Geist ist aktiv. Was tun?\u00a0 Schon\u2026","rel":"","context":"In &quot;Perspektive&quot;","block_context":{"text":"Perspektive","link":"https:\/\/moving-with-life.org\/en\/category\/blog\/perspektive\/"},"img":{"alt_text":"","src":"https:\/\/i0.wp.com\/moving-with-life.org\/wp-content\/uploads\/2025\/05\/photo_2025-05-03_14-09-57.jpg?fit=1200%2C1200&ssl=1&resize=350%2C200","width":350,"height":200,"srcset":"https:\/\/i0.wp.com\/moving-with-life.org\/wp-content\/uploads\/2025\/05\/photo_2025-05-03_14-09-57.jpg?fit=1200%2C1200&ssl=1&resize=350%2C200 1x, https:\/\/i0.wp.com\/moving-with-life.org\/wp-content\/uploads\/2025\/05\/photo_2025-05-03_14-09-57.jpg?fit=1200%2C1200&ssl=1&resize=525%2C300 1.5x, https:\/\/i0.wp.com\/moving-with-life.org\/wp-content\/uploads\/2025\/05\/photo_2025-05-03_14-09-57.jpg?fit=1200%2C1200&ssl=1&resize=700%2C400 2x, https:\/\/i0.wp.com\/moving-with-life.org\/wp-content\/uploads\/2025\/05\/photo_2025-05-03_14-09-57.jpg?fit=1200%2C1200&ssl=1&resize=1050%2C600 3x"},"classes":[]},{"id":1049,"url":"https:\/\/moving-with-life.org\/en\/2025\/05\/23\/schopfungstanz-wie-die-gottin-kreiert\/","url_meta":{"origin":1269,"position":3},"title":"Sch\u00f6pfungstanz &#8211; wie die G\u00f6ttin kreiert","author":"Sara Gnanzou","date":"23. May 2025","format":false,"excerpt":"Einer meiner zentralen Forschungsfragen hei\u00dft \u201cWie k\u00f6nnen wir wirklich leben?\u201d. Es ist eine Frage, die aus den Tiefen meines Seins hochquellt, sich mir unweigerlich aufdr\u00e4ngt und nach Beantwortung ruft. Zuerst dachte ich, es gibt diese eine Antwort darauf und wenn ich sie finde, habe ich es geschafft. Dann w\u00fcrde Ruhe\u2026","rel":"","context":"In &quot;Perspektive&quot;","block_context":{"text":"Perspektive","link":"https:\/\/moving-with-life.org\/en\/category\/blog\/perspektive\/"},"img":{"alt_text":"","src":"https:\/\/i0.wp.com\/moving-with-life.org\/wp-content\/uploads\/2025\/05\/photo_2025-05-23_13-25-29.jpg?fit=1200%2C1200&ssl=1&resize=350%2C200","width":350,"height":200,"srcset":"https:\/\/i0.wp.com\/moving-with-life.org\/wp-content\/uploads\/2025\/05\/photo_2025-05-23_13-25-29.jpg?fit=1200%2C1200&ssl=1&resize=350%2C200 1x, https:\/\/i0.wp.com\/moving-with-life.org\/wp-content\/uploads\/2025\/05\/photo_2025-05-23_13-25-29.jpg?fit=1200%2C1200&ssl=1&resize=525%2C300 1.5x, https:\/\/i0.wp.com\/moving-with-life.org\/wp-content\/uploads\/2025\/05\/photo_2025-05-23_13-25-29.jpg?fit=1200%2C1200&ssl=1&resize=700%2C400 2x, https:\/\/i0.wp.com\/moving-with-life.org\/wp-content\/uploads\/2025\/05\/photo_2025-05-23_13-25-29.jpg?fit=1200%2C1200&ssl=1&resize=1050%2C600 3x"},"classes":[]},{"id":1698,"url":"https:\/\/moving-with-life.org\/en\/2025\/08\/18\/einsicht-entwicklung-und-prozess-wie-spirituelle-praxis-das-leben-unterstutzt\/","url_meta":{"origin":1269,"position":4},"title":"Einsicht, Entwicklung und Prozess &#8211; wie spirituelle Praxis das Leben unterst\u00fctzt\u00a0","author":"Sara Gnanzou","date":"18. August 2025","format":false,"excerpt":"Leben haben wollen, doch den Prozess vermeiden\u00a0 Viele wollen das Leben, doch wenige sind bereit f\u00fcr den\u00a0Entwicklungsprozess.\u00a0Es ist so verf\u00fchrerisch leichte Abk\u00fcrzungen zu w\u00e4hlen, um Leben ohne inneren Wandlungsprozess zu erleben. Drogen geben die schnelle \u00d6ffnung zur Ekstase.\u00a0Sex und Extremsportarten erinnern an den Rausch der Energie.\u00a0Die Energie\u00fcbertragung eines Meisters\u00a0oder das\u2026","rel":"","context":"In &quot;Perspektive&quot;","block_context":{"text":"Perspektive","link":"https:\/\/moving-with-life.org\/en\/category\/blog\/perspektive\/"},"img":{"alt_text":"","src":"https:\/\/i0.wp.com\/moving-with-life.org\/wp-content\/uploads\/2025\/08\/einsicht-entwicklung-prozess-1.jpeg?fit=1024%2C576&ssl=1&resize=350%2C200","width":350,"height":200,"srcset":"https:\/\/i0.wp.com\/moving-with-life.org\/wp-content\/uploads\/2025\/08\/einsicht-entwicklung-prozess-1.jpeg?fit=1024%2C576&ssl=1&resize=350%2C200 1x, https:\/\/i0.wp.com\/moving-with-life.org\/wp-content\/uploads\/2025\/08\/einsicht-entwicklung-prozess-1.jpeg?fit=1024%2C576&ssl=1&resize=525%2C300 1.5x, https:\/\/i0.wp.com\/moving-with-life.org\/wp-content\/uploads\/2025\/08\/einsicht-entwicklung-prozess-1.jpeg?fit=1024%2C576&ssl=1&resize=700%2C400 2x"},"classes":[]},{"id":1199,"url":"https:\/\/moving-with-life.org\/en\/2025\/06\/08\/warum-schattenarbeit\/","url_meta":{"origin":1269,"position":5},"title":"Warum Schattenarbeit?","author":"Sara Gnanzou","date":"8. June 2025","format":false,"excerpt":"Es ist ein interessantes Ph\u00e4nomen, dass f\u00fcr die meisten zun\u00e4chst die spirituelle Praxis oder Heilarbeit nur jenseits von der Welt m\u00f6glich ist. Die Welt scheint eine heimliche, niederdr\u00fcckende Kraft zu haben, der man sich nur schwer entziehen kann. Auf der einen Seite sind die n\u00e4hrenden oder ruhigen Momente, die dem\u2026","rel":"","context":"In &quot;Perspektive&quot;","block_context":{"text":"Perspektive","link":"https:\/\/moving-with-life.org\/en\/category\/blog\/perspektive\/"},"img":{"alt_text":"","src":"https:\/\/i0.wp.com\/moving-with-life.org\/wp-content\/uploads\/2025\/06\/photo_2025-06-08_20-05-29.jpg?fit=1200%2C1200&ssl=1&resize=350%2C200","width":350,"height":200,"srcset":"https:\/\/i0.wp.com\/moving-with-life.org\/wp-content\/uploads\/2025\/06\/photo_2025-06-08_20-05-29.jpg?fit=1200%2C1200&ssl=1&resize=350%2C200 1x, https:\/\/i0.wp.com\/moving-with-life.org\/wp-content\/uploads\/2025\/06\/photo_2025-06-08_20-05-29.jpg?fit=1200%2C1200&ssl=1&resize=525%2C300 1.5x, https:\/\/i0.wp.com\/moving-with-life.org\/wp-content\/uploads\/2025\/06\/photo_2025-06-08_20-05-29.jpg?fit=1200%2C1200&ssl=1&resize=700%2C400 2x, https:\/\/i0.wp.com\/moving-with-life.org\/wp-content\/uploads\/2025\/06\/photo_2025-06-08_20-05-29.jpg?fit=1200%2C1200&ssl=1&resize=1050%2C600 3x"},"classes":[]}],"_links":{"self":[{"href":"https:\/\/moving-with-life.org\/en\/wp-json\/wp\/v2\/posts\/1269","targetHints":{"allow":["GET"]}}],"collection":[{"href":"https:\/\/moving-with-life.org\/en\/wp-json\/wp\/v2\/posts"}],"about":[{"href":"https:\/\/moving-with-life.org\/en\/wp-json\/wp\/v2\/types\/post"}],"author":[{"embeddable":true,"href":"https:\/\/moving-with-life.org\/en\/wp-json\/wp\/v2\/users\/244310740"}],"replies":[{"embeddable":true,"href":"https:\/\/moving-with-life.org\/en\/wp-json\/wp\/v2\/comments?post=1269"}],"version-history":[{"count":5,"href":"https:\/\/moving-with-life.org\/en\/wp-json\/wp\/v2\/posts\/1269\/revisions"}],"predecessor-version":[{"id":2670,"href":"https:\/\/moving-with-life.org\/en\/wp-json\/wp\/v2\/posts\/1269\/revisions\/2670"}],"wp:featuredmedia":[{"embeddable":true,"href":"https:\/\/moving-with-life.org\/en\/wp-json\/wp\/v2\/media\/1276"}],"wp:attachment":[{"href":"https:\/\/moving-with-life.org\/en\/wp-json\/wp\/v2\/media?parent=1269"}],"wp:term":[{"taxonomy":"category","embeddable":true,"href":"https:\/\/moving-with-life.org\/en\/wp-json\/wp\/v2\/categories?post=1269"},{"taxonomy":"post_tag","embeddable":true,"href":"https:\/\/moving-with-life.org\/en\/wp-json\/wp\/v2\/tags?post=1269"}],"curies":[{"name":"wp","href":"https:\/\/api.w.org\/{rel}","templated":true}]}}